{"id":30317,"date":"2016-10-19T13:10:32","date_gmt":"2016-10-19T13:10:32","guid":{"rendered":"http:\/\/plazajuarez.mx\/index\/index.php\/2016\/10\/19\/serio-riesgo-de-que-regresen-combatientes-del-ei\/"},"modified":"2016-10-19T13:10:32","modified_gmt":"2016-10-19T13:10:32","slug":"serio-riesgo-de-que-regresen-combatientes-del-ei","status":"publish","type":"post","link":"https:\/\/plazajuarez.mx\/historico\/serio-riesgo-de-que-regresen-combatientes-del-ei\/","title":{"rendered":"&#8220;Serio riesgo de que regresen combatientes del EI\u201d"},"content":{"rendered":"<p>El comisario europeo de Seguridad alerta <\/p>\n<p>\u25cf\u00a0\u00a0\u00a0 Por la batalla en Mosul<\/p>\n<p>  <!--more-->  <\/p>\n<p>Tras a\u00f1os de negociaciones, los 28 acordaron en abril el sistema para regular la transferencia de datos de las aerol\u00edneas a las autoridades nacionales en el marco de la lucha antiterrorista, que deber\u00eda aplicarse a m\u00e1s tardar el a\u00f1o que viene, y la pasada semana la Comisi\u00f3n pidi\u00f3 a varios pa\u00edses, entre ellos Alemania, que dieran los pasos necesarios internamente para hacerlo posible.<br \/>El comisario europeo de Seguridad, Julian King, alert\u00f3 ayer de que la ofensiva militar para recuperar la ciudad iraqu\u00ed de Mosul puede llevar a combatientes extranjeros del Estado Isl\u00e1mico (IS) a regresar a la Uni\u00f3n Europea. <br \/>En una entrevista con el diario alem\u00e1n precis\u00f3 que no es de esperar que la ca\u00edda de Mosul lleve a un &#8220;\u00e9xodo masivo de combatientes del EI hacia Europa&#8221;, pero subray\u00f3 la necesidad de estar preparados ante ese &#8220;serio riesgo&#8221;.<br \/>Seg\u00fan sus cifras, en estos momentos se estima que hay 2.500 ciudadanos de pa\u00edses europeos en regiones de combate, y casos similares del pasado, como Afganist\u00e1n, muestran que s\u00f3lo algunos regresan, ya que unos mueren y otros buscan nuevos lugares para combatir.<br \/>King se reuni\u00f3 hoy en Berl\u00edn con el ministro alem\u00e1n de Interior, Thomas de Maizi\u00e8re, quien, preguntado en rueda de prensa por la advertencia del comisario, consider\u00f3 que la ofensiva sobre Mosul no supone un peligro adicional para Alemania, donde &#8220;el riesgo es ya alto&#8221;. <br \/>Seg\u00fan se\u00f1al\u00f3, Europa ha sufrido ya directamente, a trav\u00e9s de atentados, las consecuencias de la guerra en Irak y Siria contra el Estado Isl\u00e1mico y la respuesta debe ser la cooperaci\u00f3n internacional frente al terrorismo.<br \/>Para De Maizi\u00e8re, en los \u00faltimos tres a\u00f1os se ha avanzado m\u00e1s en la UE que en toda una d\u00e9cada, pero los esfuerzos deben continuar, aunque la colaboraci\u00f3n y el intercambio de informaci\u00f3n sea &#8220;legalmente dif\u00edcil y t\u00e9cnicamente complicado&#8221;. <br \/>Avanz\u00f3 que su Gobierno presentar\u00e1 en breve el proyecto de ley para hacer realidad en Alemania el registro de datos de los pasajeros a\u00e9reos y sumarse a tiempo al resto de socios comunitarios.<\/p>\n","protected":false},"excerpt":{"rendered":"<p>El comisario europeo de Seguridad alerta \u25cf\u00a0\u00a0\u00a0 Por la batalla en Mosul<\/p>\n","protected":false},"author":93,"featured_media":0,"comment_status":"open","ping_status":"open","sticky":false,"template":"","format":"standard","meta":{"footnotes":""},"categories":[31],"tags":[],"class_list":["post-30317","post","type-post","status-publish","format-standard","hentry","category-orbe"],"_links":{"self":[{"href":"https:\/\/plazajuarez.mx\/historico\/wp-json\/wp\/v2\/posts\/30317","targetHints":{"allow":["GET"]}}],"collection":[{"href":"https:\/\/plazajuarez.mx\/historico\/wp-json\/wp\/v2\/posts"}],"about":[{"href":"https:\/\/plazajuarez.mx\/historico\/wp-json\/wp\/v2\/types\/post"}],"author":[{"embeddable":true,"href":"https:\/\/plazajuarez.mx\/historico\/wp-json\/wp\/v2\/users\/93"}],"replies":[{"embeddable":true,"href":"https:\/\/plazajuarez.mx\/historico\/wp-json\/wp\/v2\/comments?post=30317"}],"version-history":[{"count":0,"href":"https:\/\/plazajuarez.mx\/historico\/wp-json\/wp\/v2\/posts\/30317\/revisions"}],"wp:attachment":[{"href":"https:\/\/plazajuarez.mx\/historico\/wp-json\/wp\/v2\/media?parent=30317"}],"wp:term":[{"taxonomy":"category","embeddable":true,"href":"https:\/\/plazajuarez.mx\/historico\/wp-json\/wp\/v2\/categories?post=30317"},{"taxonomy":"post_tag","embeddable":true,"href":"https:\/\/plazajuarez.mx\/historico\/wp-json\/wp\/v2\/tags?post=30317"}],"curies":[{"name":"wp","href":"https:\/\/api.w.org\/{rel}","templated":true}]}}