{"id":30315,"date":"2016-10-19T13:09:55","date_gmt":"2016-10-19T13:09:55","guid":{"rendered":"http:\/\/plazajuarez.mx\/index\/index.php\/2016\/10\/19\/joven-mujer-se-quita-la-vida-colgada-de-un-anaquel\/"},"modified":"2016-10-19T13:09:55","modified_gmt":"2016-10-19T13:09:55","slug":"joven-mujer-se-quita-la-vida-colgada-de-un-anaquel","status":"publish","type":"post","link":"https:\/\/plazajuarez.mx\/historico\/joven-mujer-se-quita-la-vida-colgada-de-un-anaquel\/","title":{"rendered":"JOVEN MUJER SE QUITA LA VIDA COLGADA DE UN ANAQUEL"},"content":{"rendered":"<p>El resultado de la necropsia que le fue practicada a la joven de nombre E.M.M.G., la causa de muerte fue asfixia por ahorcamiento<\/p>\n<p>  <!--more-->  <\/p>\n<p>La Procuradur\u00eda General de Justicia inici\u00f3 el pasado 17 de octubre la Carpeta de Investigaci\u00f3n n\u00famero 12-2016-10416 en coordinaci\u00f3n con el Centro de Atenci\u00f3n Temprana y la Fiscal\u00eda de Atenci\u00f3n de Delitos de G\u00e9nero (Fadeg) por la muerte de una joven de 21 a\u00f1os en calle R\u00edo de las avenidas 135 colonia Lomas residencial Pachuca.<br \/>El cuerpo fue localizado por un joven que, al igual que la v\u00edctima, rentaba una habitaci\u00f3n en una pensi\u00f3n para estudiantes; al percatarse de lo ocurrido\u00a0 de inmediato dio aviso a los cuerpos de emergencia, mismos que acudieron y encontraron el cuerpo suspendido con el cable de las tenazas para el cabello de un anaquel solicitaron la presencia de peritos para recabar los indicios necesarios.<br \/>De acuerdo con el resultado de la necropsia que le fue practicada a la joven de nombre E.M.M.G., la causa de muerte fue asfixia por ahorcamiento, no presentaba huellas de violencia f\u00edsica ni sexual.<br \/>Hasta el momento no existen datos que hagan suponer que se trata de una muerte provocada por persona distinta a la v\u00edctima, sin embargo, el personal de esta fiscal\u00eda opera apegado al Protocolo de Investigaci\u00f3n del Delito de Feminicidio para agotar todos los estudios practicados.<br \/>El cuerpo ya fue entregado a sus familiares y la Carpeta se encuentra en la fase de integraci\u00f3n para esclarecer la muerte. <\/p>\n","protected":false},"excerpt":{"rendered":"<p>El resultado de la necropsia que le fue practicada a la joven de nombre E.M.M.G., la causa de muerte fue asfixia por ahorcamiento<\/p>\n","protected":false},"author":93,"featured_media":0,"comment_status":"open","ping_status":"open","sticky":false,"template":"","format":"standard","meta":{"footnotes":""},"categories":[37],"tags":[],"class_list":["post-30315","post","type-post","status-publish","format-standard","hentry","category-barandilla"],"_links":{"self":[{"href":"https:\/\/plazajuarez.mx\/historico\/wp-json\/wp\/v2\/posts\/30315","targetHints":{"allow":["GET"]}}],"collection":[{"href":"https:\/\/plazajuarez.mx\/historico\/wp-json\/wp\/v2\/posts"}],"about":[{"href":"https:\/\/plazajuarez.mx\/historico\/wp-json\/wp\/v2\/types\/post"}],"author":[{"embeddable":true,"href":"https:\/\/plazajuarez.mx\/historico\/wp-json\/wp\/v2\/users\/93"}],"replies":[{"embeddable":true,"href":"https:\/\/plazajuarez.mx\/historico\/wp-json\/wp\/v2\/comments?post=30315"}],"version-history":[{"count":0,"href":"https:\/\/plazajuarez.mx\/historico\/wp-json\/wp\/v2\/posts\/30315\/revisions"}],"wp:attachment":[{"href":"https:\/\/plazajuarez.mx\/historico\/wp-json\/wp\/v2\/media?parent=30315"}],"wp:term":[{"taxonomy":"category","embeddable":true,"href":"https:\/\/plazajuarez.mx\/historico\/wp-json\/wp\/v2\/categories?post=30315"},{"taxonomy":"post_tag","embeddable":true,"href":"https:\/\/plazajuarez.mx\/historico\/wp-json\/wp\/v2\/tags?post=30315"}],"curies":[{"name":"wp","href":"https:\/\/api.w.org\/{rel}","templated":true}]}}