{"id":30314,"date":"2016-10-19T13:09:08","date_gmt":"2016-10-19T13:09:08","guid":{"rendered":"http:\/\/plazajuarez.mx\/index\/index.php\/2016\/10\/19\/fallece-hombre-al-instante-al-ser-atropelllado\/"},"modified":"2016-10-19T13:09:08","modified_gmt":"2016-10-19T13:09:08","slug":"fallece-hombre-al-instante-al-ser-atropelllado","status":"publish","type":"post","link":"https:\/\/plazajuarez.mx\/historico\/fallece-hombre-al-instante-al-ser-atropelllado\/","title":{"rendered":"FALLECE HOMBRE AL INSTANTE AL SER ATROPELLLADO"},"content":{"rendered":"<p>IXMIQUILPAN <\/p>\n<p>  <!--more-->  <\/p>\n<p>Una llamada al n\u00famero de Emergencias 066 por parte de una ciudadana, alert\u00f3 a las autoridades sobre un atropellamiento. <br \/>El hecho de tr\u00e1nsito se registr\u00f3 sobre la carretera M\u00e9xico-Laredo en la colonia La Reforma, en el municipio de Ixmiquilpan. Los reportes se\u00f1alan que una persona del g\u00e9nero masculino por parte de un tracto cami\u00f3n marca Freigthliner, color blanco, con raz\u00f3n social \u201cTransportes Get Gear\u201d, placas 223-ag-3 del SPF, fue la v\u00edctima atropellada.<br \/>Al sitio acudi\u00f3 personal de Polic\u00eda Federal y Cruz Roja Mexicana cuyo personal confirm\u00f3 el fallecimiento instant\u00e1neo del hombre.\u00a0 <\/p>\n","protected":false},"excerpt":{"rendered":"<p>IXMIQUILPAN<\/p>\n","protected":false},"author":93,"featured_media":0,"comment_status":"open","ping_status":"open","sticky":false,"template":"","format":"standard","meta":{"footnotes":""},"categories":[37],"tags":[],"class_list":["post-30314","post","type-post","status-publish","format-standard","hentry","category-barandilla"],"_links":{"self":[{"href":"https:\/\/plazajuarez.mx\/historico\/wp-json\/wp\/v2\/posts\/30314","targetHints":{"allow":["GET"]}}],"collection":[{"href":"https:\/\/plazajuarez.mx\/historico\/wp-json\/wp\/v2\/posts"}],"about":[{"href":"https:\/\/plazajuarez.mx\/historico\/wp-json\/wp\/v2\/types\/post"}],"author":[{"embeddable":true,"href":"https:\/\/plazajuarez.mx\/historico\/wp-json\/wp\/v2\/users\/93"}],"replies":[{"embeddable":true,"href":"https:\/\/plazajuarez.mx\/historico\/wp-json\/wp\/v2\/comments?post=30314"}],"version-history":[{"count":0,"href":"https:\/\/plazajuarez.mx\/historico\/wp-json\/wp\/v2\/posts\/30314\/revisions"}],"wp:attachment":[{"href":"https:\/\/plazajuarez.mx\/historico\/wp-json\/wp\/v2\/media?parent=30314"}],"wp:term":[{"taxonomy":"category","embeddable":true,"href":"https:\/\/plazajuarez.mx\/historico\/wp-json\/wp\/v2\/categories?post=30314"},{"taxonomy":"post_tag","embeddable":true,"href":"https:\/\/plazajuarez.mx\/historico\/wp-json\/wp\/v2\/tags?post=30314"}],"curies":[{"name":"wp","href":"https:\/\/api.w.org\/{rel}","templated":true}]}}