{"id":302949,"date":"2024-03-25T03:03:43","date_gmt":"2024-03-25T09:03:43","guid":{"rendered":"https:\/\/plazajuarez.mx\/?p=302949"},"modified":"2024-03-25T03:03:47","modified_gmt":"2024-03-25T09:03:47","slug":"con-viacrucis-representan-el-sufrimiento-migratorio","status":"publish","type":"post","link":"https:\/\/plazajuarez.mx\/historico\/con-viacrucis-representan-el-sufrimiento-migratorio\/","title":{"rendered":"Con viacrucis, representan el sufrimiento migratorio"},"content":{"rendered":"\n<p>Activistas, migrantes y la iglesia cat\u00f3lica realizaron ayer la representaci\u00f3n del \u201cViacrucis migrante\u201d en la frontera sur, l\u00edmite de M\u00e9xico con Guatemala, donde se encuentran cientos de migrantes acampando en condiciones insalubres.<\/p>\n\n\n\n<p>El director del Centro de Dignificaci\u00f3n Humana (CDH), Luis Rey Garc\u00eda Villagr\u00e1n, cruz\u00f3 el r\u00edo Suchiate que divide a M\u00e9xico con Guatemala cargando una enorme cruz, como parte del \u201cViacrucis del Migrante\u201d, para pedir mejores pol\u00edticas humanas para la migraci\u00f3n en el pa\u00eds.<\/p>\n\n\n\n<p>El defensor de los derechos humanos, quien camin\u00f3 cerca de un kil\u00f3metro con la cruz de madera en hombros, dijo a EFE que este acto representa la sangre, la muerte y el dolor de las familias migrantes que sufren al cruzar territorio mexicano en su intento de llegar a Estados Unidos.<\/p>\n\n\n\n<p>En el paso del \u201cCoyote\u201d, principal punto de reuni\u00f3n de los migrantes irregulares, se hinc\u00f3 e hizo una oraci\u00f3n por las mujeres y ni\u00f1os migrantes que vienen de Honduras, El Salvador, Guatemala, Hait\u00ed, Venezuela y otros pa\u00edses.<\/p>\n\n\n\n<p>Garc\u00eda Villagr\u00e1n, lament\u00f3 la situaci\u00f3n de los migrantes pues muchos son secuestrados, extorsionados, sufren de violencia, pero sobre todo se enfrentan a un muro de odio y xenofobia.<\/p>\n","protected":false},"excerpt":{"rendered":"<p>Activistas, migrantes y la iglesia cat\u00f3lica realizaron ayer la representaci\u00f3n del \u201cViacrucis migrante\u201d en la frontera sur, l\u00edmite de M\u00e9xico con Guatemala, donde se encuentran cientos de migrantes acampando en condiciones insalubres. El director del Centro de Dignificaci\u00f3n Humana (CDH), Luis Rey Garc\u00eda Villagr\u00e1n, cruz\u00f3 el r\u00edo Suchiate que divide a M\u00e9xico con Guatemala cargando [&hellip;]<\/p>\n","protected":false},"author":80,"featured_media":302950,"comment_status":"closed","ping_status":"closed","sticky":false,"template":"","format":"standard","meta":{"footnotes":""},"categories":[36],"tags":[],"class_list":["post-302949","post","type-post","status-publish","format-standard","has-post-thumbnail","hentry","category-nacion"],"_links":{"self":[{"href":"https:\/\/plazajuarez.mx\/historico\/wp-json\/wp\/v2\/posts\/302949","targetHints":{"allow":["GET"]}}],"collection":[{"href":"https:\/\/plazajuarez.mx\/historico\/wp-json\/wp\/v2\/posts"}],"about":[{"href":"https:\/\/plazajuarez.mx\/historico\/wp-json\/wp\/v2\/types\/post"}],"author":[{"embeddable":true,"href":"https:\/\/plazajuarez.mx\/historico\/wp-json\/wp\/v2\/users\/80"}],"replies":[{"embeddable":true,"href":"https:\/\/plazajuarez.mx\/historico\/wp-json\/wp\/v2\/comments?post=302949"}],"version-history":[{"count":1,"href":"https:\/\/plazajuarez.mx\/historico\/wp-json\/wp\/v2\/posts\/302949\/revisions"}],"predecessor-version":[{"id":302951,"href":"https:\/\/plazajuarez.mx\/historico\/wp-json\/wp\/v2\/posts\/302949\/revisions\/302951"}],"wp:featuredmedia":[{"embeddable":true,"href":"https:\/\/plazajuarez.mx\/historico\/wp-json\/wp\/v2\/media\/302950"}],"wp:attachment":[{"href":"https:\/\/plazajuarez.mx\/historico\/wp-json\/wp\/v2\/media?parent=302949"}],"wp:term":[{"taxonomy":"category","embeddable":true,"href":"https:\/\/plazajuarez.mx\/historico\/wp-json\/wp\/v2\/categories?post=302949"},{"taxonomy":"post_tag","embeddable":true,"href":"https:\/\/plazajuarez.mx\/historico\/wp-json\/wp\/v2\/tags?post=302949"}],"curies":[{"name":"wp","href":"https:\/\/api.w.org\/{rel}","templated":true}]}}