{"id":302940,"date":"2024-03-25T02:41:48","date_gmt":"2024-03-25T08:41:48","guid":{"rendered":"https:\/\/plazajuarez.mx\/?p=302940"},"modified":"2024-03-25T02:41:51","modified_gmt":"2024-03-25T08:41:51","slug":"madres-denuncian-el-borrado-de-sus-hijos-del-censo","status":"publish","type":"post","link":"https:\/\/plazajuarez.mx\/historico\/madres-denuncian-el-borrado-de-sus-hijos-del-censo\/","title":{"rendered":"Madres denuncian el borrado de sus hijos del censo"},"content":{"rendered":"\n<p>Mientras buscan a sus hijos con palas en terrenos bald\u00edos, grupos de madres denuncian que miles de v\u00edctimas quedaron borradas del censo oficial de desaparecidos del Gobierno del presidente mexicano, Andr\u00e9s Manuel L\u00f3pez Obrador, que esta semana redujo en cerca de 15 mil el n\u00famero oficial de personas no localizadas.<\/p>\n\n\n\n<p>Socorro Gil Guzm\u00e1n es madre de Jonathan Guadalupe Romero, desaparecido en Acapulco tras ser detenido por polic\u00edas municipales el 5 de diciembre de 2018, pero que ahora no aparece en el Registro Nacional de Personas Desaparecidas y No Localizadas (Rnpdno).<\/p>\n\n\n\n<p>Tampoco la han visitado los Servidores de la Naci\u00f3n, los funcionarios p\u00fablicos que L\u00f3pez Obrador afirma que van &#8220;casa por casa&#8221; a confirmar si una persona desaparecida ya volvi\u00f3 para quitarla del registro.<\/p>\n\n\n\n<p>Por ello, la mujer cuestiona que el gobierno haya afirmado esta semana que ya encontr\u00f3 a 15 mil 158 personas, con lo que la cifra oficial de desaparecidos pas\u00f3 a 99 mil 729.<\/p>\n\n\n\n<p>\u201cYo creo que el presidente no es de este planeta, no es de este pa\u00eds, tal vez \u00e9l est\u00e1 hablando de alg\u00fan otro lugar, porque aqu\u00ed en M\u00e9xico hay demasiados desaparecidos y en su sexenio. hasta donde yo s\u00e9, se han sumado much\u00edsimas m\u00e1s todav\u00eda&#8221;, dijo a EFE la mujer.<\/p>\n\n\n\n<p>&#8220;Eso de que \u00e9l diga que no es cierto y aparentemente quiera hacer creer a la gente que no est\u00e1 pasando nada, es estarse haciendo el loco nada m\u00e1s\u201d, afirm\u00f3.<\/p>\n\n\n\n<p>La activista se\u00f1al\u00f3 que en la asociaci\u00f3n que representa, &#8216;Memoria, Verdad y Justicia&#8217;, hay por lo menos 26 madres a las que no han censado, adem\u00e1s de otros familiares que no aparecen en la lista de personas desaparecidas.<\/p>\n","protected":false},"excerpt":{"rendered":"<p>Mientras buscan a sus hijos con palas en terrenos bald\u00edos, grupos de madres denuncian que miles de v\u00edctimas quedaron borradas del censo oficial de desaparecidos del Gobierno del presidente mexicano, Andr\u00e9s Manuel L\u00f3pez Obrador, que esta semana redujo en cerca de 15 mil el n\u00famero oficial de personas no localizadas. Socorro Gil Guzm\u00e1n es madre [&hellip;]<\/p>\n","protected":false},"author":80,"featured_media":302941,"comment_status":"closed","ping_status":"closed","sticky":false,"template":"","format":"standard","meta":{"footnotes":""},"categories":[36],"tags":[],"class_list":["post-302940","post","type-post","status-publish","format-standard","has-post-thumbnail","hentry","category-nacion"],"_links":{"self":[{"href":"https:\/\/plazajuarez.mx\/historico\/wp-json\/wp\/v2\/posts\/302940","targetHints":{"allow":["GET"]}}],"collection":[{"href":"https:\/\/plazajuarez.mx\/historico\/wp-json\/wp\/v2\/posts"}],"about":[{"href":"https:\/\/plazajuarez.mx\/historico\/wp-json\/wp\/v2\/types\/post"}],"author":[{"embeddable":true,"href":"https:\/\/plazajuarez.mx\/historico\/wp-json\/wp\/v2\/users\/80"}],"replies":[{"embeddable":true,"href":"https:\/\/plazajuarez.mx\/historico\/wp-json\/wp\/v2\/comments?post=302940"}],"version-history":[{"count":1,"href":"https:\/\/plazajuarez.mx\/historico\/wp-json\/wp\/v2\/posts\/302940\/revisions"}],"predecessor-version":[{"id":302942,"href":"https:\/\/plazajuarez.mx\/historico\/wp-json\/wp\/v2\/posts\/302940\/revisions\/302942"}],"wp:featuredmedia":[{"embeddable":true,"href":"https:\/\/plazajuarez.mx\/historico\/wp-json\/wp\/v2\/media\/302941"}],"wp:attachment":[{"href":"https:\/\/plazajuarez.mx\/historico\/wp-json\/wp\/v2\/media?parent=302940"}],"wp:term":[{"taxonomy":"category","embeddable":true,"href":"https:\/\/plazajuarez.mx\/historico\/wp-json\/wp\/v2\/categories?post=302940"},{"taxonomy":"post_tag","embeddable":true,"href":"https:\/\/plazajuarez.mx\/historico\/wp-json\/wp\/v2\/tags?post=302940"}],"curies":[{"name":"wp","href":"https:\/\/api.w.org\/{rel}","templated":true}]}}