{"id":302852,"date":"2024-03-25T04:00:00","date_gmt":"2024-03-25T10:00:00","guid":{"rendered":"https:\/\/plazajuarez.mx\/?p=302852"},"modified":"2024-03-25T00:00:01","modified_gmt":"2024-03-25T06:00:01","slug":"controlan-autoridades-intenso-incendio-forestal-en-mineral-del-chico","status":"publish","type":"post","link":"https:\/\/plazajuarez.mx\/historico\/controlan-autoridades-intenso-incendio-forestal-en-mineral-del-chico\/","title":{"rendered":"Controlan autoridades intenso incendio forestal en Mineral del Chico"},"content":{"rendered":"\n<p>Sobre la contingencia las autoridades hidalguenses dejaron en claro que no representaba peligro directo para la poblaci\u00f3n<\/p>\n\n\n\n<p>Una intensa movilizaci\u00f3n y alarma gener\u00f3 un incendio forestal que inicialmente se observ\u00f3 muy fuerte en el Parque Nacional El Chico, del municipio de Mineral del Chico, Hidalgo, espec\u00edficamente en el corredor de la monta\u00f1a &#8220;La Compa\u00f1\u00eda&#8221;, ello durante la ma\u00f1ana y tarde de este domingo, venturosamente el fuego fue controlado.<\/p>\n\n\n\n<p>Sobre la contingencia, las autoridades hidalguenses dejaron en claro que no representaba peligro directo para la poblaci\u00f3n, sin embargo, s\u00ed se reportaron p\u00e9rdidas materiales.<\/p>\n\n\n\n<p>Toc\u00f3 a elementos del Cuerpo de Bomberos de Hidalgo, liderado por Jorge Mont\u00fafar Badillo, en colaboraci\u00f3n con Protecci\u00f3n Civil Estatal, los municipios de Atotonilco el Grande y Mineral del Chico, as\u00ed como la Guardia Nacional, hacerse cargo de las labores para sofocar las llamas que amenazaban con propagarse.<\/p>\n\n\n\n<p>Por fortuna, luego de varias horas se logr\u00f3 controlar el incendio.<\/p>\n\n\n\n<p>Al respecto, la Secretar\u00eda de Medio Ambiente y Recursos Naturales de Hidalgo (Semarnath), al filo de las 16:30 horas, inform\u00f3 a trav\u00e9s de redes sociales que se estaban realizando los trabajos de control con la participaci\u00f3n de siete brigadas de la misma Semarnath, conocidas como San Rafael, Romeros, Lajas, Ci\u00e9nega Larga, Aserradero, Pachuca y Nopalillo.<\/p>\n\n\n\n<p>No obstante, en el siniestro se tuvo la colaboraci\u00f3n y apoyo de la Comisi\u00f3n Nacional de \u00c1reas Naturales Protegidas (CONAP), as\u00ed como de la Comisi\u00f3n Nacional Forestal (CONAFOR), del Cuerpo de Bomberos del Estado y de personal de Protecci\u00f3n Civil Municipal.<\/p>\n\n\n\n<p>Finalmente, las autoridades hidalguenses recomendaron a la ciudadan\u00eda a mantenerse informada a trav\u00e9s de los canales oficiales de las instancias correspondientes y seguir las indicaciones de las autoridades en caso de que la situaci\u00f3n evolucione.<\/p>\n","protected":false},"excerpt":{"rendered":"<p>Sobre la contingencia las autoridades hidalguenses dejaron en claro que no representaba peligro directo para la poblaci\u00f3n Una intensa movilizaci\u00f3n y alarma gener\u00f3 un incendio forestal que inicialmente se observ\u00f3 muy fuerte en el Parque Nacional El Chico, del municipio de Mineral del Chico, Hidalgo, espec\u00edficamente en el corredor de la monta\u00f1a &#8220;La Compa\u00f1\u00eda&#8221;, ello [&hellip;]<\/p>\n","protected":false},"author":93,"featured_media":302853,"comment_status":"closed","ping_status":"closed","sticky":false,"template":"","format":"standard","meta":{"footnotes":""},"categories":[37],"tags":[],"class_list":["post-302852","post","type-post","status-publish","format-standard","has-post-thumbnail","hentry","category-barandilla"],"_links":{"self":[{"href":"https:\/\/plazajuarez.mx\/historico\/wp-json\/wp\/v2\/posts\/302852","targetHints":{"allow":["GET"]}}],"collection":[{"href":"https:\/\/plazajuarez.mx\/historico\/wp-json\/wp\/v2\/posts"}],"about":[{"href":"https:\/\/plazajuarez.mx\/historico\/wp-json\/wp\/v2\/types\/post"}],"author":[{"embeddable":true,"href":"https:\/\/plazajuarez.mx\/historico\/wp-json\/wp\/v2\/users\/93"}],"replies":[{"embeddable":true,"href":"https:\/\/plazajuarez.mx\/historico\/wp-json\/wp\/v2\/comments?post=302852"}],"version-history":[{"count":1,"href":"https:\/\/plazajuarez.mx\/historico\/wp-json\/wp\/v2\/posts\/302852\/revisions"}],"predecessor-version":[{"id":302854,"href":"https:\/\/plazajuarez.mx\/historico\/wp-json\/wp\/v2\/posts\/302852\/revisions\/302854"}],"wp:featuredmedia":[{"embeddable":true,"href":"https:\/\/plazajuarez.mx\/historico\/wp-json\/wp\/v2\/media\/302853"}],"wp:attachment":[{"href":"https:\/\/plazajuarez.mx\/historico\/wp-json\/wp\/v2\/media?parent=302852"}],"wp:term":[{"taxonomy":"category","embeddable":true,"href":"https:\/\/plazajuarez.mx\/historico\/wp-json\/wp\/v2\/categories?post=302852"},{"taxonomy":"post_tag","embeddable":true,"href":"https:\/\/plazajuarez.mx\/historico\/wp-json\/wp\/v2\/tags?post=302852"}],"curies":[{"name":"wp","href":"https:\/\/api.w.org\/{rel}","templated":true}]}}