{"id":302759,"date":"2024-03-23T00:20:02","date_gmt":"2024-03-23T06:20:02","guid":{"rendered":"https:\/\/plazajuarez.mx\/?p=302759"},"modified":"2024-03-23T00:20:05","modified_gmt":"2024-03-23T06:20:05","slug":"sistema-estatal-de-proteccion-civil-exhorta-a-la-poblacion-sobre-fuertes-rachas-de-viento","status":"publish","type":"post","link":"https:\/\/plazajuarez.mx\/historico\/sistema-estatal-de-proteccion-civil-exhorta-a-la-poblacion-sobre-fuertes-rachas-de-viento\/","title":{"rendered":"Sistema Estatal de Protecci\u00f3n Civil exhorta a la poblaci\u00f3n sobre fuertes rachas de viento"},"content":{"rendered":"\n<p>El Sistema Estatal de Protecci\u00f3n Civil exhorta a la poblaci\u00f3n a acatar las siguientes recomendaciones en caso de presentarse rachas de viento de 40 a 60 kil\u00f3metros por hora, que permitan la formaci\u00f3n de un tornado no-supercelda.<\/p>\n\n\n\n<p>Estos fen\u00f3menos atmosf\u00e9ricos cicl\u00f3nicos, se caracterizan por ser una columna de aire mucho m\u00e1s delgadas, de menor duraci\u00f3n e intensidad de viento, pero igual de peligrosos que uno normal, debido a que se forman en zonas rurales.<\/p>\n\n\n\n<p>Aunque de poca extensi\u00f3n y de corta duraci\u00f3n, ya que pueden durar segundos o hasta m\u00e1s de una hora, su peligrosidad reside en la alta velocidad angular cuyo extremo inferior est\u00e1 en contacto con la tierra y el superior con una nube.<\/p>\n\n\n\n<p>En Hidalgo hay registro de un tornado no-supercelda en agosto de 2014 en el municipio de Almoloya, el cual dej\u00f3 a su paso importantes da\u00f1os en corrales, viviendas y autom\u00f3viles.<\/p>\n\n\n\n<p>Por eso, en caso de presentarse una emergencia como esta, se recomienda buscar refugio en el s\u00f3tano o a una habitaci\u00f3n interna sin ventanas, en el piso m\u00e1s bajo de la casa, o permanecer en espacios como el ba\u00f1o, un cl\u00f3set o un pasillo central, o en su caso, debajo de algo resistente como una mesa pesada.<\/p>\n\n\n\n<p>Finalmente, una vez terminado el fen\u00f3meno, debe mantenerse la calma y permanecer en un lugar seguro. Consulte con las personas a su alrededor para ver si hay heridos, y de ser necesario, aplique primeros auxilios o busque ayuda m\u00e9dica, y cuando salga, debe tenerse especial precauci\u00f3n con los postes de electricidad ca\u00eddos.<\/p>\n","protected":false},"excerpt":{"rendered":"<p>El Sistema Estatal de Protecci\u00f3n Civil exhorta a la poblaci\u00f3n a acatar las siguientes recomendaciones en caso de presentarse rachas de viento de 40 a 60 kil\u00f3metros por hora, que permitan la formaci\u00f3n de un tornado no-supercelda. Estos fen\u00f3menos atmosf\u00e9ricos cicl\u00f3nicos, se caracterizan por ser una columna de aire mucho m\u00e1s delgadas, de menor duraci\u00f3n [&hellip;]<\/p>\n","protected":false},"author":93,"featured_media":302760,"comment_status":"closed","ping_status":"closed","sticky":false,"template":"","format":"standard","meta":{"footnotes":""},"categories":[59],"tags":[],"class_list":["post-302759","post","type-post","status-publish","format-standard","has-post-thumbnail","hentry","category-general"],"_links":{"self":[{"href":"https:\/\/plazajuarez.mx\/historico\/wp-json\/wp\/v2\/posts\/302759","targetHints":{"allow":["GET"]}}],"collection":[{"href":"https:\/\/plazajuarez.mx\/historico\/wp-json\/wp\/v2\/posts"}],"about":[{"href":"https:\/\/plazajuarez.mx\/historico\/wp-json\/wp\/v2\/types\/post"}],"author":[{"embeddable":true,"href":"https:\/\/plazajuarez.mx\/historico\/wp-json\/wp\/v2\/users\/93"}],"replies":[{"embeddable":true,"href":"https:\/\/plazajuarez.mx\/historico\/wp-json\/wp\/v2\/comments?post=302759"}],"version-history":[{"count":1,"href":"https:\/\/plazajuarez.mx\/historico\/wp-json\/wp\/v2\/posts\/302759\/revisions"}],"predecessor-version":[{"id":302761,"href":"https:\/\/plazajuarez.mx\/historico\/wp-json\/wp\/v2\/posts\/302759\/revisions\/302761"}],"wp:featuredmedia":[{"embeddable":true,"href":"https:\/\/plazajuarez.mx\/historico\/wp-json\/wp\/v2\/media\/302760"}],"wp:attachment":[{"href":"https:\/\/plazajuarez.mx\/historico\/wp-json\/wp\/v2\/media?parent=302759"}],"wp:term":[{"taxonomy":"category","embeddable":true,"href":"https:\/\/plazajuarez.mx\/historico\/wp-json\/wp\/v2\/categories?post=302759"},{"taxonomy":"post_tag","embeddable":true,"href":"https:\/\/plazajuarez.mx\/historico\/wp-json\/wp\/v2\/tags?post=302759"}],"curies":[{"name":"wp","href":"https:\/\/api.w.org\/{rel}","templated":true}]}}