{"id":302649,"date":"2024-03-22T01:27:25","date_gmt":"2024-03-22T07:27:25","guid":{"rendered":"https:\/\/plazajuarez.mx\/?p=302649"},"modified":"2024-03-22T01:27:28","modified_gmt":"2024-03-22T07:27:28","slug":"migrantes-acampan-en-mexico-por-caos-generado-por-la-ley-sb4","status":"publish","type":"post","link":"https:\/\/plazajuarez.mx\/historico\/migrantes-acampan-en-mexico-por-caos-generado-por-la-ley-sb4\/","title":{"rendered":"Migrantes acampan en M\u00e9xico por caos generado por la ley SB4"},"content":{"rendered":"\n<p>Un campamento de 100 migrantes se ha afianzado en la frontera de M\u00e9xico con Estados Unidos entre la incertidumbre por la ley SB4 de Texas, que el gobernador, Greg Abbott, insiste en aplicar pese a los fallos judiciales.<\/p>\n\n\n\n<p>Los extranjeros llevan cinco d\u00edas acampando entre el r\u00edo Bravo o Grande y la cerca de alambre de navajas en la frontera de Ciudad Ju\u00e1rez (M\u00e9xico) con El Paso (Estados Unidos), ante la vigilancia de la Guardia Nacional de Texas<\/p>\n\n\n\n<p>Organizaciones religiosas en Ju\u00e1rez planean llevarles cobijas, ropa y comida, pues las bajas temperaturas arriesgan su salud mientras los migrantes claman por alimentos y agua, pues no pueden volver a M\u00e9xico a buscar v\u00edveres.<\/p>\n\n\n\n<p>&#8220;Definitivamente, esta ley va en contra de los principios b\u00e1sicos de humanidad, ellos no son malos, cada una de las personas que han transitado por otros pa\u00edses para llegar a los Estados Unidos son personas de bien&#8221;, indic\u00f3 a EFE Carlos Mayorga, del Colectivo por la Paz \u00c1ngeles Mensajeros.<\/p>\n","protected":false},"excerpt":{"rendered":"<p>Un campamento de 100 migrantes se ha afianzado en la frontera de M\u00e9xico con Estados Unidos entre la incertidumbre por la ley SB4 de Texas, que el gobernador, Greg Abbott, insiste en aplicar pese a los fallos judiciales. Los extranjeros llevan cinco d\u00edas acampando entre el r\u00edo Bravo o Grande y la cerca de alambre [&hellip;]<\/p>\n","protected":false},"author":80,"featured_media":302650,"comment_status":"closed","ping_status":"closed","sticky":false,"template":"","format":"standard","meta":{"footnotes":""},"categories":[36],"tags":[],"class_list":["post-302649","post","type-post","status-publish","format-standard","has-post-thumbnail","hentry","category-nacion"],"_links":{"self":[{"href":"https:\/\/plazajuarez.mx\/historico\/wp-json\/wp\/v2\/posts\/302649","targetHints":{"allow":["GET"]}}],"collection":[{"href":"https:\/\/plazajuarez.mx\/historico\/wp-json\/wp\/v2\/posts"}],"about":[{"href":"https:\/\/plazajuarez.mx\/historico\/wp-json\/wp\/v2\/types\/post"}],"author":[{"embeddable":true,"href":"https:\/\/plazajuarez.mx\/historico\/wp-json\/wp\/v2\/users\/80"}],"replies":[{"embeddable":true,"href":"https:\/\/plazajuarez.mx\/historico\/wp-json\/wp\/v2\/comments?post=302649"}],"version-history":[{"count":1,"href":"https:\/\/plazajuarez.mx\/historico\/wp-json\/wp\/v2\/posts\/302649\/revisions"}],"predecessor-version":[{"id":302651,"href":"https:\/\/plazajuarez.mx\/historico\/wp-json\/wp\/v2\/posts\/302649\/revisions\/302651"}],"wp:featuredmedia":[{"embeddable":true,"href":"https:\/\/plazajuarez.mx\/historico\/wp-json\/wp\/v2\/media\/302650"}],"wp:attachment":[{"href":"https:\/\/plazajuarez.mx\/historico\/wp-json\/wp\/v2\/media?parent=302649"}],"wp:term":[{"taxonomy":"category","embeddable":true,"href":"https:\/\/plazajuarez.mx\/historico\/wp-json\/wp\/v2\/categories?post=302649"},{"taxonomy":"post_tag","embeddable":true,"href":"https:\/\/plazajuarez.mx\/historico\/wp-json\/wp\/v2\/tags?post=302649"}],"curies":[{"name":"wp","href":"https:\/\/api.w.org\/{rel}","templated":true}]}}