{"id":302507,"date":"2024-03-21T08:02:41","date_gmt":"2024-03-21T14:02:41","guid":{"rendered":"https:\/\/plazajuarez.mx\/?p=302507"},"modified":"2024-03-21T08:02:43","modified_gmt":"2024-03-21T14:02:43","slug":"arranco-colecta-nacional-de-la-cruz-roja-2024","status":"publish","type":"post","link":"https:\/\/plazajuarez.mx\/historico\/arranco-colecta-nacional-de-la-cruz-roja-2024\/","title":{"rendered":"Arranc\u00f3 colecta nacional de la Cruz Roja 2024"},"content":{"rendered":"\n<p>El gobernador del estado, Julio Menchaca Salazar, arranc\u00f3 en la entidad la colecta nacional de la Cruz Roja 2024, en las instalaciones de esta dependencia, ubicada al sur de la capital hidalguense.<\/p>\n\n\n\n<p>Para el inicio de esta estrategia, en la que personal de esta instancia estar\u00e1 boteando por las calles y vendiendo pulseras, para recaudar fondos que le permitan seguir operando en apoyo para la ciudadan\u00eda.<\/p>\n\n\n\n<p>Al respecto, el mandatario estatal dijo: \u201creconocemos el esfuerzo de las mujeres y los hombres que integran a la Cruz Roja Mexicana, pues ejemplifica la organizaci\u00f3n de lo que es trascender; dar esa ayuda y esa atenci\u00f3n en el momento que m\u00e1s se necesita\u201d.<\/p>\n\n\n\n<p>Por su parte, el director nacional de Delegaciones de la Cruz Roja Mexicana, enfatiz\u00f3 que tras la pandemia, esta instituci\u00f3n redobla esfuerzos a nivel nacional a fin de renovar y fortalecer a cada delegaci\u00f3n local, pues en cada una de estas, se hacen frente a distintos retos bajo los preceptos del humanismo y la solidaridad.&nbsp;<\/p>\n\n\n\n<p>En ese sentido, se llev\u00f3 a cabo la entrega de reconocimientos a las y los brigadistas que atendieron la emergencia provocada por el hurac\u00e1n Otis en Guerrero, tambi\u00e9n realiz\u00f3 la entrega simb\u00f3lica de dos ambulancias a los municipios de Tizayuca y Tulancingo de Bravo.&nbsp;<\/p>\n\n\n\n<p>Durante su mensaje el delegado de la Cruz Roja Mexicana en Hidalgo, destac\u00f3 que esta organizaci\u00f3n ha logrado mantener vigente su cat\u00e1logo de servicios debido a la solidaridad de quienes aportan su confianza en cada una de las alcanc\u00edas.&nbsp;<\/p>\n\n\n\n<p>Finalmente, exhort\u00f3 a las y los presentes a seguir contribuyendo pues explic\u00f3 que en momentos cruciales como la pandemia por Covid-19, las y los socorristas de la Cruz Roja han hecho presencia para abonar a las tareas de b\u00fasqueda, rescate, servicios de salud y dispersi\u00f3n de medicamentos.<\/p>\n","protected":false},"excerpt":{"rendered":"<p>El gobernador del estado, Julio Menchaca Salazar, arranc\u00f3 en la entidad la colecta nacional de la Cruz Roja 2024, en las instalaciones de esta dependencia, ubicada al sur de la capital hidalguense. Para el inicio de esta estrategia, en la que personal de esta instancia estar\u00e1 boteando por las calles y vendiendo pulseras, para recaudar [&hellip;]<\/p>\n","protected":false},"author":93,"featured_media":302508,"comment_status":"closed","ping_status":"closed","sticky":false,"template":"","format":"standard","meta":{"footnotes":""},"categories":[59],"tags":[],"class_list":["post-302507","post","type-post","status-publish","format-standard","has-post-thumbnail","hentry","category-general"],"_links":{"self":[{"href":"https:\/\/plazajuarez.mx\/historico\/wp-json\/wp\/v2\/posts\/302507","targetHints":{"allow":["GET"]}}],"collection":[{"href":"https:\/\/plazajuarez.mx\/historico\/wp-json\/wp\/v2\/posts"}],"about":[{"href":"https:\/\/plazajuarez.mx\/historico\/wp-json\/wp\/v2\/types\/post"}],"author":[{"embeddable":true,"href":"https:\/\/plazajuarez.mx\/historico\/wp-json\/wp\/v2\/users\/93"}],"replies":[{"embeddable":true,"href":"https:\/\/plazajuarez.mx\/historico\/wp-json\/wp\/v2\/comments?post=302507"}],"version-history":[{"count":1,"href":"https:\/\/plazajuarez.mx\/historico\/wp-json\/wp\/v2\/posts\/302507\/revisions"}],"predecessor-version":[{"id":302509,"href":"https:\/\/plazajuarez.mx\/historico\/wp-json\/wp\/v2\/posts\/302507\/revisions\/302509"}],"wp:featuredmedia":[{"embeddable":true,"href":"https:\/\/plazajuarez.mx\/historico\/wp-json\/wp\/v2\/media\/302508"}],"wp:attachment":[{"href":"https:\/\/plazajuarez.mx\/historico\/wp-json\/wp\/v2\/media?parent=302507"}],"wp:term":[{"taxonomy":"category","embeddable":true,"href":"https:\/\/plazajuarez.mx\/historico\/wp-json\/wp\/v2\/categories?post=302507"},{"taxonomy":"post_tag","embeddable":true,"href":"https:\/\/plazajuarez.mx\/historico\/wp-json\/wp\/v2\/tags?post=302507"}],"curies":[{"name":"wp","href":"https:\/\/api.w.org\/{rel}","templated":true}]}}