{"id":302504,"date":"2024-03-21T08:01:19","date_gmt":"2024-03-21T14:01:19","guid":{"rendered":"https:\/\/plazajuarez.mx\/?p=302504"},"modified":"2024-03-21T08:01:21","modified_gmt":"2024-03-21T14:01:21","slug":"reconocen-labor-de-personas-con-sindrome-de-down","status":"publish","type":"post","link":"https:\/\/plazajuarez.mx\/historico\/reconocen-labor-de-personas-con-sindrome-de-down\/","title":{"rendered":"Reconocen labor de personas con s\u00edndrome de Down\u00a0"},"content":{"rendered":"\n<p>Los Servicios de Salud en Hidalgo (SSH) se suman este 21 de marzo a la conmemoraci\u00f3n del D\u00eda Mundial del S\u00edndrome de Down, mediante el desarrollo de una jornada informativa para reflexionar sobre el significado de la inclusi\u00f3n y reconocer la valiosa contribuci\u00f3n de las personas con discapacidad intelectual en sus comunidades.&nbsp;<\/p>\n\n\n\n<p>Actualmente, las personas que se encuentran en esta condici\u00f3n tienen la oportunidad de integrarse social y laboralmente; en Hidalgo se ofrece orientaci\u00f3n en materia de salud, educaci\u00f3n, capacitaci\u00f3n y atenci\u00f3n, para que sean independientes en diversas tareas, as\u00ed como en la toma de decisiones.<\/p>\n\n\n\n<p>El s\u00edndrome de Down es el resultado de una alteraci\u00f3n gen\u00e9tica que perdura a lo largo de toda la vida. Se caracteriza por la presencia de un cromosoma adicional, el cromosoma 21, que impacta en el desarrollo tanto f\u00edsico como cognitivo del individuo.<\/p>\n\n\n\n<p>A nivel mundial, se prev\u00e9 que uno de cada mil 100 beb\u00e9s nacen con s\u00edndrome de Down, quienes en sus diversas etapas de vida enfrentan desaf\u00edos, tanto en su desarrollo intelectual, como motriz desde temprana edad. Adem\u00e1s, pueden presentar condiciones m\u00e9dicas asociadas, como problemas card\u00edacos, visuales y auditivos, situaciones que con el acceso a una atenci\u00f3n m\u00e9dica oportuna, se puede mejorar significativamente.<\/p>\n\n\n\n<p>En las Unidades de Salud en Hidalgo, se da atenci\u00f3n m\u00e9dica preventiva, consultas de medicina general, programas de vacunaci\u00f3n, atenci\u00f3n prenatal y postnatal, control de enfermedades cr\u00f3nicas, y promoci\u00f3n de estilos de vida saludables.&nbsp;<\/p>\n\n\n\n<p>Adem\u00e1s, se ofrecen servicios de detecci\u00f3n temprana de enfermedades, seguimiento y control de padecimientos comunes, as\u00ed como orientaci\u00f3n y apoyo a las familias en materia de salud.&nbsp;<\/p>\n","protected":false},"excerpt":{"rendered":"<p>Los Servicios de Salud en Hidalgo (SSH) se suman este 21 de marzo a la conmemoraci\u00f3n del D\u00eda Mundial del S\u00edndrome de Down, mediante el desarrollo de una jornada informativa para reflexionar sobre el significado de la inclusi\u00f3n y reconocer la valiosa contribuci\u00f3n de las personas con discapacidad intelectual en sus comunidades.&nbsp; Actualmente, las personas [&hellip;]<\/p>\n","protected":false},"author":93,"featured_media":302503,"comment_status":"closed","ping_status":"closed","sticky":false,"template":"","format":"standard","meta":{"footnotes":""},"categories":[59],"tags":[],"class_list":["post-302504","post","type-post","status-publish","format-standard","has-post-thumbnail","hentry","category-general"],"_links":{"self":[{"href":"https:\/\/plazajuarez.mx\/historico\/wp-json\/wp\/v2\/posts\/302504","targetHints":{"allow":["GET"]}}],"collection":[{"href":"https:\/\/plazajuarez.mx\/historico\/wp-json\/wp\/v2\/posts"}],"about":[{"href":"https:\/\/plazajuarez.mx\/historico\/wp-json\/wp\/v2\/types\/post"}],"author":[{"embeddable":true,"href":"https:\/\/plazajuarez.mx\/historico\/wp-json\/wp\/v2\/users\/93"}],"replies":[{"embeddable":true,"href":"https:\/\/plazajuarez.mx\/historico\/wp-json\/wp\/v2\/comments?post=302504"}],"version-history":[{"count":1,"href":"https:\/\/plazajuarez.mx\/historico\/wp-json\/wp\/v2\/posts\/302504\/revisions"}],"predecessor-version":[{"id":302506,"href":"https:\/\/plazajuarez.mx\/historico\/wp-json\/wp\/v2\/posts\/302504\/revisions\/302506"}],"wp:featuredmedia":[{"embeddable":true,"href":"https:\/\/plazajuarez.mx\/historico\/wp-json\/wp\/v2\/media\/302503"}],"wp:attachment":[{"href":"https:\/\/plazajuarez.mx\/historico\/wp-json\/wp\/v2\/media?parent=302504"}],"wp:term":[{"taxonomy":"category","embeddable":true,"href":"https:\/\/plazajuarez.mx\/historico\/wp-json\/wp\/v2\/categories?post=302504"},{"taxonomy":"post_tag","embeddable":true,"href":"https:\/\/plazajuarez.mx\/historico\/wp-json\/wp\/v2\/tags?post=302504"}],"curies":[{"name":"wp","href":"https:\/\/api.w.org\/{rel}","templated":true}]}}