{"id":302409,"date":"2024-03-20T07:43:21","date_gmt":"2024-03-20T13:43:21","guid":{"rendered":"https:\/\/plazajuarez.mx\/?p=302409"},"modified":"2024-03-20T07:43:24","modified_gmt":"2024-03-20T13:43:24","slug":"dese-por-enterado-1267","status":"publish","type":"post","link":"https:\/\/plazajuarez.mx\/historico\/dese-por-enterado-1267\/","title":{"rendered":"DESE POR ENTERADO"},"content":{"rendered":"\n<p><strong>ARMANDO AZPEITIA, \u00bfPARA CU\u00c1NDO SU SERIE EN NETFLIX? <\/strong>\u2013 Voraz lector y admirador de Tezcatlipoca, con quien se identifica, es decir se\u00f1or del Cielo y la Tierra, dios creador y destructor, el ap\u00f3stol de la lucha combativa, <strong>Armando Azpeitia<\/strong>, todav\u00eda presidente municipal de San Salvador, se ve tranquilo en su und\u00e9cimo repaso al pensamiento de Ricardo Flores Mag\u00f3n; sin embargo, hay los que dicen, esos que no dejan de amargar tan bonitos pensamientos que escrib\u00edamos sobre este Guerrillero del Destino; bueno pues esos susodichos, juran y perjuran que si no pone atenci\u00f3n en las cuentas que va a dejar, una vez concluida su gesti\u00f3n, va a ir derechito al fresco bote, y aunque diga que es Tezcatlipoca reencarnado, de nada le va a valer.&nbsp;<\/p>\n\n\n\n<figure class=\"wp-block-image size-full\"><img loading=\"lazy\" decoding=\"async\" width=\"732\" height=\"758\" src=\"https:\/\/plazajuarez.mx\/historico\/historico\/wp-content\/uploads\/2024\/03\/ARMANDO-AZPEITIA-\u00bfPARA-CUANDO-SU-SERIE-EN-NETFLIX_-Facebook-Armando-Azpeitia-Diaz-.png\" alt=\"\" class=\"wp-image-302410\" srcset=\"https:\/\/plazajuarez.mx\/historico\/wp-content\/uploads\/2024\/03\/ARMANDO-AZPEITIA-\u00bfPARA-CUANDO-SU-SERIE-EN-NETFLIX_-Facebook-Armando-Azpeitia-Diaz-.png 732w, https:\/\/plazajuarez.mx\/historico\/wp-content\/uploads\/2024\/03\/ARMANDO-AZPEITIA-\u00bfPARA-CUANDO-SU-SERIE-EN-NETFLIX_-Facebook-Armando-Azpeitia-Diaz--36x36.png 36w\" sizes=\"auto, (max-width: 732px) 100vw, 732px\" \/><\/figure>\n\n\n\n<p>Foto: Facebook Armando Azpeitia Diaz<\/p>\n\n\n\n<p><strong>MUCHAS GRACIAS, CON SU COMPERMISO, Y QUE SE VA \u201cEL OSO\u201d.<\/strong> &#8211; El que no tiene llenadera es el diputado ahora con licencia, <strong>Miguel \u00c1ngel Mart\u00ednez G\u00f3mez<\/strong>, mejor conocido como \u201cEl Oso\u201d, quien se olvid\u00f3 del Partido de la Revoluci\u00f3n Democr\u00e1tica (PRD), que lo llev\u00f3 a ocupar la curul que hoy tiene, y decidi\u00f3 pedir licencia al cargo para irse de candidato a presidente municipal de Metepec por Morena. Lo anterior no resulta extra\u00f1o, ya que siempre se ha sabido la ambici\u00f3n que tiene por este cargo desde hace a\u00f1os. Adem\u00e1s que en temporada de Judas Iscariotes, el buen Oso hasta Juditas parece.<\/p>\n\n\n\n<figure class=\"wp-block-image size-full\"><img loading=\"lazy\" decoding=\"async\" width=\"1280\" height=\"852\" src=\"https:\/\/plazajuarez.mx\/historico\/historico\/wp-content\/uploads\/2024\/03\/MUCHAS-GRACIAS-CON-SU-COMPERMISO-Y-QUE-SE-VA-EL-OSO-Cortesia-.jpeg\" alt=\"\" class=\"wp-image-302411\" srcset=\"https:\/\/plazajuarez.mx\/historico\/wp-content\/uploads\/2024\/03\/MUCHAS-GRACIAS-CON-SU-COMPERMISO-Y-QUE-SE-VA-EL-OSO-Cortesia-.jpeg 1280w, https:\/\/plazajuarez.mx\/historico\/wp-content\/uploads\/2024\/03\/MUCHAS-GRACIAS-CON-SU-COMPERMISO-Y-QUE-SE-VA-EL-OSO-Cortesia--768x511.jpeg 768w, https:\/\/plazajuarez.mx\/historico\/wp-content\/uploads\/2024\/03\/MUCHAS-GRACIAS-CON-SU-COMPERMISO-Y-QUE-SE-VA-EL-OSO-Cortesia--274x183.jpeg 274w, https:\/\/plazajuarez.mx\/historico\/wp-content\/uploads\/2024\/03\/MUCHAS-GRACIAS-CON-SU-COMPERMISO-Y-QUE-SE-VA-EL-OSO-Cortesia--80x54.jpeg 80w, https:\/\/plazajuarez.mx\/historico\/wp-content\/uploads\/2024\/03\/MUCHAS-GRACIAS-CON-SU-COMPERMISO-Y-QUE-SE-VA-EL-OSO-Cortesia--130x87.jpeg 130w, https:\/\/plazajuarez.mx\/historico\/wp-content\/uploads\/2024\/03\/MUCHAS-GRACIAS-CON-SU-COMPERMISO-Y-QUE-SE-VA-EL-OSO-Cortesia--359x240.jpeg 359w, https:\/\/plazajuarez.mx\/historico\/wp-content\/uploads\/2024\/03\/MUCHAS-GRACIAS-CON-SU-COMPERMISO-Y-QUE-SE-VA-EL-OSO-Cortesia--85x57.jpeg 85w, https:\/\/plazajuarez.mx\/historico\/wp-content\/uploads\/2024\/03\/MUCHAS-GRACIAS-CON-SU-COMPERMISO-Y-QUE-SE-VA-EL-OSO-Cortesia--165x109.jpeg 165w, https:\/\/plazajuarez.mx\/historico\/wp-content\/uploads\/2024\/03\/MUCHAS-GRACIAS-CON-SU-COMPERMISO-Y-QUE-SE-VA-EL-OSO-Cortesia--112x75.jpeg 112w, https:\/\/plazajuarez.mx\/historico\/wp-content\/uploads\/2024\/03\/MUCHAS-GRACIAS-CON-SU-COMPERMISO-Y-QUE-SE-VA-EL-OSO-Cortesia--179x120.jpeg 179w, https:\/\/plazajuarez.mx\/historico\/wp-content\/uploads\/2024\/03\/MUCHAS-GRACIAS-CON-SU-COMPERMISO-Y-QUE-SE-VA-EL-OSO-Cortesia--170x113.jpeg 170w, https:\/\/plazajuarez.mx\/historico\/wp-content\/uploads\/2024\/03\/MUCHAS-GRACIAS-CON-SU-COMPERMISO-Y-QUE-SE-VA-EL-OSO-Cortesia--81x55.jpeg 81w, https:\/\/plazajuarez.mx\/historico\/wp-content\/uploads\/2024\/03\/MUCHAS-GRACIAS-CON-SU-COMPERMISO-Y-QUE-SE-VA-EL-OSO-Cortesia--765x510.jpeg 765w\" sizes=\"auto, (max-width: 1280px) 100vw, 1280px\" \/><\/figure>\n\n\n\n<p>Foto: Cortes\u00eca<\/p>\n\n\n\n<p><strong>EN HUEJUTLA, NI LOS FAYAD, NI LOS BADILLO, IMPUSIERON CANDIDATO<\/strong>. \u2013 Acostumbrados a manejar el poder estilo \u201camitos\u201d del otro siglo, los Fayad y los Badillo est\u00e1n m\u00e1s bravos que un le\u00f3n, y juran y perjuran que <strong>Jos\u00e9 Alfredo San Ram\u00f3n Duval<\/strong>, virtual candidato de Morena a la alcald\u00eda de Huejutla, donde ya tuvo ese cargo en dos ocasiones, tendr\u00e1 que escucharlos. Lo cierto es que <strong>San Ram\u00f3n Duval<\/strong> tiene su propio liderazgo en la regi\u00f3n, y es evidente que de ninguna manera permitir\u00e1 que los amitos de siempre, quieran manejar, ni su campa\u00f1a, y menos su administraci\u00f3n, en caso de ganar el mes de junio. A ver qu\u00e9 pasa.<\/p>\n\n\n\n<figure class=\"wp-block-image size-full\"><img loading=\"lazy\" decoding=\"async\" width=\"540\" height=\"960\" src=\"https:\/\/plazajuarez.mx\/historico\/historico\/wp-content\/uploads\/2024\/03\/EN-HUEJUTLA-NI-LOS-FAYAD-NI-LOS-BADILLO-IMPUSIERON-CANDIDATO-Facebook-Jose-Alfredo-San-Ramon-Duval.jpeg\" alt=\"\" class=\"wp-image-302412\"\/><\/figure>\n\n\n\n<p>Foto: Facebook Jos\u00e8 Alfredo San Ram\u00f2n Duval<\/p>\n\n\n\n<p><strong>FORTUNATO GONZ\u00c1LEZ, UN PAT\u00c9TICO PERSONAJE<\/strong>. \u2013 Diputado local de Morena, <strong>Fortunato Gonz\u00e1lez Islas,<\/strong> apenas el mes de septiembre del a\u00f1o pasado, cuando Marcelo Ebrard, corcholata burlada, hab\u00eda dejado entrever la posibilidad de abandonar el partido del presidente, fijaba tajante y fulminante su postura: \u201c\u00e9l es mi amigo, pero yo no voy a irme, me quedo en Morena, porque me abri\u00f3 las puertas y estoy identificado con sus ideales\u201d. <strong>Bueno, pues ayer pidi\u00f3 licencia para buscar la candidatura a una curul federal, \u00a1pero por el Partido del Trabajo, es decir la Franquicia del Grupo Universidad! Se trata de un personaje de amplia grisura como legislador, s\u00ed ocurrente, pero carente de toda<\/strong> capacidad para aportar algo al Congreso federal. Pero ya brinc\u00f3, y por supuesto, traicion\u00f3 a quien le tuvo confianza.<\/p>\n\n\n\n<figure class=\"wp-block-image size-full\"><img loading=\"lazy\" decoding=\"async\" width=\"1280\" height=\"854\" src=\"https:\/\/plazajuarez.mx\/historico\/historico\/wp-content\/uploads\/2024\/03\/FORTUNATO-GONZALEZ-UN-PATETICO-PERSONAJE-Twitter-LXV-Legislatura-de-Hidalgo-.jpeg\" alt=\"\" class=\"wp-image-302413\" srcset=\"https:\/\/plazajuarez.mx\/historico\/wp-content\/uploads\/2024\/03\/FORTUNATO-GONZALEZ-UN-PATETICO-PERSONAJE-Twitter-LXV-Legislatura-de-Hidalgo-.jpeg 1280w, https:\/\/plazajuarez.mx\/historico\/wp-content\/uploads\/2024\/03\/FORTUNATO-GONZALEZ-UN-PATETICO-PERSONAJE-Twitter-LXV-Legislatura-de-Hidalgo--768x512.jpeg 768w, https:\/\/plazajuarez.mx\/historico\/wp-content\/uploads\/2024\/03\/FORTUNATO-GONZALEZ-UN-PATETICO-PERSONAJE-Twitter-LXV-Legislatura-de-Hidalgo--274x183.jpeg 274w, https:\/\/plazajuarez.mx\/historico\/wp-content\/uploads\/2024\/03\/FORTUNATO-GONZALEZ-UN-PATETICO-PERSONAJE-Twitter-LXV-Legislatura-de-Hidalgo--80x54.jpeg 80w, https:\/\/plazajuarez.mx\/historico\/wp-content\/uploads\/2024\/03\/FORTUNATO-GONZALEZ-UN-PATETICO-PERSONAJE-Twitter-LXV-Legislatura-de-Hidalgo--130x87.jpeg 130w, https:\/\/plazajuarez.mx\/historico\/wp-content\/uploads\/2024\/03\/FORTUNATO-GONZALEZ-UN-PATETICO-PERSONAJE-Twitter-LXV-Legislatura-de-Hidalgo--359x240.jpeg 359w, https:\/\/plazajuarez.mx\/historico\/wp-content\/uploads\/2024\/03\/FORTUNATO-GONZALEZ-UN-PATETICO-PERSONAJE-Twitter-LXV-Legislatura-de-Hidalgo--85x57.jpeg 85w, https:\/\/plazajuarez.mx\/historico\/wp-content\/uploads\/2024\/03\/FORTUNATO-GONZALEZ-UN-PATETICO-PERSONAJE-Twitter-LXV-Legislatura-de-Hidalgo--546x365.jpeg 546w, https:\/\/plazajuarez.mx\/historico\/wp-content\/uploads\/2024\/03\/FORTUNATO-GONZALEZ-UN-PATETICO-PERSONAJE-Twitter-LXV-Legislatura-de-Hidalgo--165x109.jpeg 165w, https:\/\/plazajuarez.mx\/historico\/wp-content\/uploads\/2024\/03\/FORTUNATO-GONZALEZ-UN-PATETICO-PERSONAJE-Twitter-LXV-Legislatura-de-Hidalgo--347x233.jpeg 347w, https:\/\/plazajuarez.mx\/historico\/wp-content\/uploads\/2024\/03\/FORTUNATO-GONZALEZ-UN-PATETICO-PERSONAJE-Twitter-LXV-Legislatura-de-Hidalgo--112x75.jpeg 112w, https:\/\/plazajuarez.mx\/historico\/wp-content\/uploads\/2024\/03\/FORTUNATO-GONZALEZ-UN-PATETICO-PERSONAJE-Twitter-LXV-Legislatura-de-Hidalgo--179x120.jpeg 179w, https:\/\/plazajuarez.mx\/historico\/wp-content\/uploads\/2024\/03\/FORTUNATO-GONZALEZ-UN-PATETICO-PERSONAJE-Twitter-LXV-Legislatura-de-Hidalgo--170x113.jpeg 170w, https:\/\/plazajuarez.mx\/historico\/wp-content\/uploads\/2024\/03\/FORTUNATO-GONZALEZ-UN-PATETICO-PERSONAJE-Twitter-LXV-Legislatura-de-Hidalgo--81x55.jpeg 81w, https:\/\/plazajuarez.mx\/historico\/wp-content\/uploads\/2024\/03\/FORTUNATO-GONZALEZ-UN-PATETICO-PERSONAJE-Twitter-LXV-Legislatura-de-Hidalgo--765x510.jpeg 765w\" sizes=\"auto, (max-width: 1280px) 100vw, 1280px\" \/><\/figure>\n\n\n\n<p>Foto: Twitter LXV Legislatura de Hidalgo<\/p>\n\n\n\n<p><strong>Aviso para que no digan: Esta columna se nutre de comentarios recabados por agencias del Recontra-Espionaje, muy similares a las que populariz\u00f3 el \u201cS\u00faper Agente 86\u201d en sus tiempos. Como tal lo que publicamos puede que sea cierto, puede que no, o todo lo contrario. Est\u00e1 usted en libertad de creer o no lo que lee, recontra-enojarse, recontra- carcajearse y hasta recontra-recordarnos a nuestra jefecita (nosotros recontra-haremos lo propio). Avisado est\u00e1 usted.<\/strong><\/p>\n\n\n\n<p><strong>Correo: desexenterado@gmail.com&nbsp;&nbsp;<\/strong><\/p>\n\n\n\n<p><strong>X: @desexenterado<\/strong><\/p>\n","protected":false},"excerpt":{"rendered":"<p>ARMANDO AZPEITIA, \u00bfPARA CU\u00c1NDO SU SERIE EN NETFLIX? \u2013 Voraz lector y admirador de Tezcatlipoca, con quien se identifica, es decir se\u00f1or del Cielo y la Tierra, dios creador y destructor, el ap\u00f3stol de la lucha combativa, Armando Azpeitia, todav\u00eda presidente municipal de San Salvador, se ve tranquilo en su und\u00e9cimo repaso al pensamiento de [&hellip;]<\/p>\n","protected":false},"author":93,"featured_media":297918,"comment_status":"closed","ping_status":"closed","sticky":false,"template":"","format":"standard","meta":{"footnotes":""},"categories":[83],"tags":[],"class_list":["post-302409","post","type-post","status-publish","format-standard","has-post-thumbnail","hentry","category-dese-por-enterado"],"_links":{"self":[{"href":"https:\/\/plazajuarez.mx\/historico\/wp-json\/wp\/v2\/posts\/302409","targetHints":{"allow":["GET"]}}],"collection":[{"href":"https:\/\/plazajuarez.mx\/historico\/wp-json\/wp\/v2\/posts"}],"about":[{"href":"https:\/\/plazajuarez.mx\/historico\/wp-json\/wp\/v2\/types\/post"}],"author":[{"embeddable":true,"href":"https:\/\/plazajuarez.mx\/historico\/wp-json\/wp\/v2\/users\/93"}],"replies":[{"embeddable":true,"href":"https:\/\/plazajuarez.mx\/historico\/wp-json\/wp\/v2\/comments?post=302409"}],"version-history":[{"count":1,"href":"https:\/\/plazajuarez.mx\/historico\/wp-json\/wp\/v2\/posts\/302409\/revisions"}],"predecessor-version":[{"id":302414,"href":"https:\/\/plazajuarez.mx\/historico\/wp-json\/wp\/v2\/posts\/302409\/revisions\/302414"}],"wp:featuredmedia":[{"embeddable":true,"href":"https:\/\/plazajuarez.mx\/historico\/wp-json\/wp\/v2\/media\/297918"}],"wp:attachment":[{"href":"https:\/\/plazajuarez.mx\/historico\/wp-json\/wp\/v2\/media?parent=302409"}],"wp:term":[{"taxonomy":"category","embeddable":true,"href":"https:\/\/plazajuarez.mx\/historico\/wp-json\/wp\/v2\/categories?post=302409"},{"taxonomy":"post_tag","embeddable":true,"href":"https:\/\/plazajuarez.mx\/historico\/wp-json\/wp\/v2\/tags?post=302409"}],"curies":[{"name":"wp","href":"https:\/\/api.w.org\/{rel}","templated":true}]}}