{"id":302392,"date":"2024-03-20T00:52:11","date_gmt":"2024-03-20T06:52:11","guid":{"rendered":"https:\/\/plazajuarez.mx\/?p=302392"},"modified":"2024-03-20T00:52:16","modified_gmt":"2024-03-20T06:52:16","slug":"sheinbaum-promete-acercarse-al-proximo-presidente-de-e-u","status":"publish","type":"post","link":"https:\/\/plazajuarez.mx\/historico\/sheinbaum-promete-acercarse-al-proximo-presidente-de-e-u\/","title":{"rendered":"Sheinbaum promete acercarse\u00a0al pr\u00f3ximo presidente de E.U."},"content":{"rendered":"\n<p>La candidata presidencial del oficialismo mexicano, Claudia Sheinbaum, prometi\u00f3 este martes desde la frontera que, si gana las elecciones del pr\u00f3ximo 2 de junio, se acercar\u00e1 a quien resulte electo como presidente de Estados Unidos, ya sea Donald Trump o Joe Biden.<\/p>\n\n\n\n<p>\u201cVamos a insistir, sea quien llegue, presidente Trump o presidente Biden, quienes ellos (los estadounidenses) decidan qui\u00e9n sea su presidente, nos vamos a acercar y vamos a trabajar en lo que nosotros pensamos que es la soluci\u00f3n integral del problema general de la migraci\u00f3n\u201d, dijo en una rueda de prensa desde la fronteriza Reynosa, en Tamaulipas.<\/p>\n\n\n\n<p>La candidata de Morena se\u00f1al\u00f3 que de llegar a la presidencia de M\u00e9xico va a apoyar a los migrantes que est\u00e1n en las zonas fronterizas para que estos reciban un trato humanitario.<\/p>\n\n\n\n<h1 class=\"wp-block-heading\"><strong>Sheinbaum lidera con el 58 % una encuesta<\/strong><\/h1>\n\n\n\n<p>La candidata presidencial del oficialismo mexicano, Claudia Sheinbaum, lidera con el 58% de las preferencias una encuesta del diario Reforma revelada este martes rumbo a las elecciones del 2 junio.<\/p>\n","protected":false},"excerpt":{"rendered":"<p>La candidata presidencial del oficialismo mexicano, Claudia Sheinbaum, prometi\u00f3 este martes desde la frontera que, si gana las elecciones del pr\u00f3ximo 2 de junio, se acercar\u00e1 a quien resulte electo como presidente de Estados Unidos, ya sea Donald Trump o Joe Biden. \u201cVamos a insistir, sea quien llegue, presidente Trump o presidente Biden, quienes ellos [&hellip;]<\/p>\n","protected":false},"author":80,"featured_media":302393,"comment_status":"closed","ping_status":"closed","sticky":false,"template":"","format":"standard","meta":{"footnotes":""},"categories":[15,36],"tags":[],"class_list":["post-302392","post","type-post","status-publish","format-standard","has-post-thumbnail","hentry","category-destacadas","category-nacion"],"_links":{"self":[{"href":"https:\/\/plazajuarez.mx\/historico\/wp-json\/wp\/v2\/posts\/302392","targetHints":{"allow":["GET"]}}],"collection":[{"href":"https:\/\/plazajuarez.mx\/historico\/wp-json\/wp\/v2\/posts"}],"about":[{"href":"https:\/\/plazajuarez.mx\/historico\/wp-json\/wp\/v2\/types\/post"}],"author":[{"embeddable":true,"href":"https:\/\/plazajuarez.mx\/historico\/wp-json\/wp\/v2\/users\/80"}],"replies":[{"embeddable":true,"href":"https:\/\/plazajuarez.mx\/historico\/wp-json\/wp\/v2\/comments?post=302392"}],"version-history":[{"count":1,"href":"https:\/\/plazajuarez.mx\/historico\/wp-json\/wp\/v2\/posts\/302392\/revisions"}],"predecessor-version":[{"id":302394,"href":"https:\/\/plazajuarez.mx\/historico\/wp-json\/wp\/v2\/posts\/302392\/revisions\/302394"}],"wp:featuredmedia":[{"embeddable":true,"href":"https:\/\/plazajuarez.mx\/historico\/wp-json\/wp\/v2\/media\/302393"}],"wp:attachment":[{"href":"https:\/\/plazajuarez.mx\/historico\/wp-json\/wp\/v2\/media?parent=302392"}],"wp:term":[{"taxonomy":"category","embeddable":true,"href":"https:\/\/plazajuarez.mx\/historico\/wp-json\/wp\/v2\/categories?post=302392"},{"taxonomy":"post_tag","embeddable":true,"href":"https:\/\/plazajuarez.mx\/historico\/wp-json\/wp\/v2\/tags?post=302392"}],"curies":[{"name":"wp","href":"https:\/\/api.w.org\/{rel}","templated":true}]}}