{"id":302282,"date":"2024-03-19T07:40:03","date_gmt":"2024-03-19T13:40:03","guid":{"rendered":"https:\/\/plazajuarez.mx\/?p=302282"},"modified":"2024-03-19T07:40:19","modified_gmt":"2024-03-19T13:40:19","slug":"dese-por-enterado-1266","status":"publish","type":"post","link":"https:\/\/plazajuarez.mx\/historico\/dese-por-enterado-1266\/","title":{"rendered":"DESE POR ENTERADO"},"content":{"rendered":"\n<p><strong>EL COSTO DE LAS CANDIDATURAS PETISTAS<\/strong>. \u2013 A nadie sorprendi\u00f3 que al grito de \u201c\u00a1Fura m\u00e1scaras!\u201d, el Partido del Trabajo en Hidalgo, se transfigur\u00f3 en plena plaza p\u00fablica, y dej\u00f3 caer los velos que le cubr\u00edan el rostro al verdadero propietario de la franquicia, desde hace ya un buen tiempo adquirida por su nuevo y \u00fanico due\u00f1o: el Grupo Universidad y, desde ahora, su \u00fanico y aut\u00e9ntico jefe pol\u00edtico, al que no le amilana estar en supuesta prisi\u00f3n domiciliaria, y lejos de ello, parece estar en su segundo aire. La pregunta es l\u00f3gica: \u00bfcu\u00e1l habr\u00e1 sido el costo de la franquicia PT-Hidalgo? Adquirida por el grupo pol\u00edtico citado, que es evidente cuenta recursos econ\u00f3micos, y muy amplios, para pretender pelear con todo, \u00bfhasta la mayor\u00eda del Congreso local?<\/p>\n\n\n\n<figure class=\"wp-block-image size-full\"><img loading=\"lazy\" decoding=\"async\" width=\"1600\" height=\"1066\" src=\"https:\/\/plazajuarez.mx\/historico\/historico\/wp-content\/uploads\/2024\/03\/EL-COSTO-DE-LAS-CANDIDATURAS-PETISTAS_-Cortesia-.jpeg\" alt=\"\" class=\"wp-image-302283\" srcset=\"https:\/\/plazajuarez.mx\/historico\/wp-content\/uploads\/2024\/03\/EL-COSTO-DE-LAS-CANDIDATURAS-PETISTAS_-Cortesia-.jpeg 1600w, https:\/\/plazajuarez.mx\/historico\/wp-content\/uploads\/2024\/03\/EL-COSTO-DE-LAS-CANDIDATURAS-PETISTAS_-Cortesia--768x512.jpeg 768w, https:\/\/plazajuarez.mx\/historico\/wp-content\/uploads\/2024\/03\/EL-COSTO-DE-LAS-CANDIDATURAS-PETISTAS_-Cortesia--1536x1023.jpeg 1536w, https:\/\/plazajuarez.mx\/historico\/wp-content\/uploads\/2024\/03\/EL-COSTO-DE-LAS-CANDIDATURAS-PETISTAS_-Cortesia--274x183.jpeg 274w, https:\/\/plazajuarez.mx\/historico\/wp-content\/uploads\/2024\/03\/EL-COSTO-DE-LAS-CANDIDATURAS-PETISTAS_-Cortesia--80x54.jpeg 80w, https:\/\/plazajuarez.mx\/historico\/wp-content\/uploads\/2024\/03\/EL-COSTO-DE-LAS-CANDIDATURAS-PETISTAS_-Cortesia--130x87.jpeg 130w, https:\/\/plazajuarez.mx\/historico\/wp-content\/uploads\/2024\/03\/EL-COSTO-DE-LAS-CANDIDATURAS-PETISTAS_-Cortesia--359x240.jpeg 359w, https:\/\/plazajuarez.mx\/historico\/wp-content\/uploads\/2024\/03\/EL-COSTO-DE-LAS-CANDIDATURAS-PETISTAS_-Cortesia--85x57.jpeg 85w, https:\/\/plazajuarez.mx\/historico\/wp-content\/uploads\/2024\/03\/EL-COSTO-DE-LAS-CANDIDATURAS-PETISTAS_-Cortesia--546x365.jpeg 546w, https:\/\/plazajuarez.mx\/historico\/wp-content\/uploads\/2024\/03\/EL-COSTO-DE-LAS-CANDIDATURAS-PETISTAS_-Cortesia--165x109.jpeg 165w, https:\/\/plazajuarez.mx\/historico\/wp-content\/uploads\/2024\/03\/EL-COSTO-DE-LAS-CANDIDATURAS-PETISTAS_-Cortesia--112x75.jpeg 112w, https:\/\/plazajuarez.mx\/historico\/wp-content\/uploads\/2024\/03\/EL-COSTO-DE-LAS-CANDIDATURAS-PETISTAS_-Cortesia--179x120.jpeg 179w, https:\/\/plazajuarez.mx\/historico\/wp-content\/uploads\/2024\/03\/EL-COSTO-DE-LAS-CANDIDATURAS-PETISTAS_-Cortesia--170x113.jpeg 170w, https:\/\/plazajuarez.mx\/historico\/wp-content\/uploads\/2024\/03\/EL-COSTO-DE-LAS-CANDIDATURAS-PETISTAS_-Cortesia--81x55.jpeg 81w, https:\/\/plazajuarez.mx\/historico\/wp-content\/uploads\/2024\/03\/EL-COSTO-DE-LAS-CANDIDATURAS-PETISTAS_-Cortesia--765x510.jpeg 765w\" sizes=\"auto, (max-width: 1600px) 100vw, 1600px\" \/><\/figure>\n\n\n\n<p>Foto: Cortes\u00eca<\/p>\n\n\n\n<p><strong>ISRAEL F\u00c9LIX, DE VUELTA A LA REALIDAD.<\/strong> \u2013 La vida es como una rueda de la fortuna, y es evidente que el \u00bfex? Presidente municipal de Mineral de la Reforma, Israel F\u00e9lix Soto, empieza a comprender el mon\u00f3logo de Segismundo: \u201cSue\u00f1a el rey que es rey, y vive<\/p>\n\n\n\n<p>con este enga\u00f1o mandando, disponiendo y gobernando; y este aplauso, que recibe<\/p>\n\n\n\n<p>prestado, en el viento escribe y en cenizas le convierte\u201d. Porque, sin duda, lo que vivi\u00f3 fue un sue\u00f1o de gran poder, en el que todo lo posible se hac\u00eda realidad. Hoy ya no, simplemente ya no.<\/p>\n\n\n\n<figure class=\"wp-block-image size-full\"><img loading=\"lazy\" decoding=\"async\" width=\"1368\" height=\"664\" src=\"https:\/\/plazajuarez.mx\/historico\/historico\/wp-content\/uploads\/2024\/03\/ISRAEL-FELIX-DE-VUELTA-A-LA-REALIDAD-ARCHIVO.jpg\" alt=\"\" class=\"wp-image-302284\" srcset=\"https:\/\/plazajuarez.mx\/historico\/wp-content\/uploads\/2024\/03\/ISRAEL-FELIX-DE-VUELTA-A-LA-REALIDAD-ARCHIVO.jpg 1368w, https:\/\/plazajuarez.mx\/historico\/wp-content\/uploads\/2024\/03\/ISRAEL-FELIX-DE-VUELTA-A-LA-REALIDAD-ARCHIVO-768x373.jpg 768w\" sizes=\"auto, (max-width: 1368px) 100vw, 1368px\" \/><\/figure>\n\n\n\n<p>Foto: Archivo<\/p>\n\n\n\n<p><strong>CANDIDATURAS DE MORENA A ALCALDES, SIN SORPRESAS<\/strong>. \u2013 Estaba cantado todo, incluso algunos de los que ayer fueron \u201cdestapados\u201d, ya hab\u00edan dejado correr la versi\u00f3n de que, si no sal\u00edan en la lista, se ir\u00edan por otro partido (es decir, ante todo la lealtad). De tal modo que Huejutla, tendr\u00e1 como abanderado a <strong>Alfredo San Rom\u00e1n Duval<\/strong>, y Pachuca, al joven <strong>Jorge Alberto Reyes Hern\u00e1ndez<\/strong>. De los dem\u00e1s nominados hay poco qu\u00e9 agregar, simplemente se esperaban. Ahora har\u00e1 que estar atentos si cada uno de los, y las nominadas, saben ser fieles al proyecto de la 4T en Hidalgo. Veremos.<\/p>\n\n\n\n<figure class=\"wp-block-image size-full\"><img loading=\"lazy\" decoding=\"async\" width=\"1288\" height=\"684\" src=\"https:\/\/plazajuarez.mx\/historico\/historico\/wp-content\/uploads\/2024\/03\/CANDIDATURAS-DE-MORENA-A-ALCALDES-SIN-SORPRESAS-_-Facebook-Captura-de-pantalla-Morena-Hidalgo-.jpeg\" alt=\"\" class=\"wp-image-302285\" srcset=\"https:\/\/plazajuarez.mx\/historico\/wp-content\/uploads\/2024\/03\/CANDIDATURAS-DE-MORENA-A-ALCALDES-SIN-SORPRESAS-_-Facebook-Captura-de-pantalla-Morena-Hidalgo-.jpeg 1288w, https:\/\/plazajuarez.mx\/historico\/wp-content\/uploads\/2024\/03\/CANDIDATURAS-DE-MORENA-A-ALCALDES-SIN-SORPRESAS-_-Facebook-Captura-de-pantalla-Morena-Hidalgo--768x408.jpeg 768w\" sizes=\"auto, (max-width: 1288px) 100vw, 1288px\" \/><\/figure>\n\n\n\n<p>Foto: Facebook Captura de Pantalla Morena Hidalgo<\/p>\n\n\n\n<p><strong>VIOLENCIA, NO PERMITIR SU PROLIFERACI\u00d3N. <\/strong>\u2013 Se han registrado hechos violentos durante estos \u00faltimos d\u00edas, y \u00faltimas semanas, en territorio hidalguense. Estamos en temporada de campa\u00f1as pol\u00edticas. Por el bien de todos, es preciso que, bajo ninguna circunstancia, se permita que esta condici\u00f3n, que ya aqueja a amplios territorios del pa\u00eds, se replique aqu\u00ed, en una entidad que, si bien no es ajena a este fen\u00f3meno, se ha mantenido en un nivel todav\u00eda posible de manejar. Perder de vista este factor, ser\u00eda grave. M\u00e1s vale pecar de alarmistas en estos menesteres.<\/p>\n\n\n\n<figure class=\"wp-block-image size-full\"><img loading=\"lazy\" decoding=\"async\" width=\"1180\" height=\"786\" src=\"https:\/\/plazajuarez.mx\/historico\/historico\/wp-content\/uploads\/2024\/03\/VIOLENCIA-NO-PERMITIR-SU-PROLIFERACION-CORTESIA.jpg\" alt=\"\" class=\"wp-image-302286\" srcset=\"https:\/\/plazajuarez.mx\/historico\/wp-content\/uploads\/2024\/03\/VIOLENCIA-NO-PERMITIR-SU-PROLIFERACION-CORTESIA.jpg 1180w, https:\/\/plazajuarez.mx\/historico\/wp-content\/uploads\/2024\/03\/VIOLENCIA-NO-PERMITIR-SU-PROLIFERACION-CORTESIA-768x512.jpg 768w, https:\/\/plazajuarez.mx\/historico\/wp-content\/uploads\/2024\/03\/VIOLENCIA-NO-PERMITIR-SU-PROLIFERACION-CORTESIA-274x183.jpg 274w, https:\/\/plazajuarez.mx\/historico\/wp-content\/uploads\/2024\/03\/VIOLENCIA-NO-PERMITIR-SU-PROLIFERACION-CORTESIA-80x54.jpg 80w, https:\/\/plazajuarez.mx\/historico\/wp-content\/uploads\/2024\/03\/VIOLENCIA-NO-PERMITIR-SU-PROLIFERACION-CORTESIA-130x87.jpg 130w, https:\/\/plazajuarez.mx\/historico\/wp-content\/uploads\/2024\/03\/VIOLENCIA-NO-PERMITIR-SU-PROLIFERACION-CORTESIA-359x240.jpg 359w, https:\/\/plazajuarez.mx\/historico\/wp-content\/uploads\/2024\/03\/VIOLENCIA-NO-PERMITIR-SU-PROLIFERACION-CORTESIA-85x57.jpg 85w, https:\/\/plazajuarez.mx\/historico\/wp-content\/uploads\/2024\/03\/VIOLENCIA-NO-PERMITIR-SU-PROLIFERACION-CORTESIA-546x365.jpg 546w, https:\/\/plazajuarez.mx\/historico\/wp-content\/uploads\/2024\/03\/VIOLENCIA-NO-PERMITIR-SU-PROLIFERACION-CORTESIA-165x109.jpg 165w, https:\/\/plazajuarez.mx\/historico\/wp-content\/uploads\/2024\/03\/VIOLENCIA-NO-PERMITIR-SU-PROLIFERACION-CORTESIA-112x75.jpg 112w, https:\/\/plazajuarez.mx\/historico\/wp-content\/uploads\/2024\/03\/VIOLENCIA-NO-PERMITIR-SU-PROLIFERACION-CORTESIA-179x120.jpg 179w, https:\/\/plazajuarez.mx\/historico\/wp-content\/uploads\/2024\/03\/VIOLENCIA-NO-PERMITIR-SU-PROLIFERACION-CORTESIA-170x113.jpg 170w, https:\/\/plazajuarez.mx\/historico\/wp-content\/uploads\/2024\/03\/VIOLENCIA-NO-PERMITIR-SU-PROLIFERACION-CORTESIA-81x55.jpg 81w, https:\/\/plazajuarez.mx\/historico\/wp-content\/uploads\/2024\/03\/VIOLENCIA-NO-PERMITIR-SU-PROLIFERACION-CORTESIA-765x510.jpg 765w\" sizes=\"auto, (max-width: 1180px) 100vw, 1180px\" \/><\/figure>\n\n\n\n<p>Foto: Cortes\u00eca<\/p>\n\n\n\n<p><strong>Aviso para que no digan: Esta columna se nutre de comentarios recabados por agencias del Recontra-Espionaje, muy similares a las que populariz\u00f3 el \u201cS\u00faper Agente 86\u201d en sus tiempos. Como tal lo que publicamos puede que sea cierto, puede que no, o todo lo contrario. Est\u00e1 usted en libertad de creer o no lo que lee, recontra-enojarse, recontra- carcajearse y hasta recontra-recordarnos a nuestra jefecita (nosotros recontra-haremos lo propio). Avisado est\u00e1 usted.<\/strong><\/p>\n\n\n\n<p><strong>Correo: desexenterado@gmail.com&nbsp;&nbsp;<\/strong><\/p>\n\n\n\n<p><strong>X: @desexenterado<\/strong><\/p>\n","protected":false},"excerpt":{"rendered":"<p>EL COSTO DE LAS CANDIDATURAS PETISTAS. \u2013 A nadie sorprendi\u00f3 que al grito de \u201c\u00a1Fura m\u00e1scaras!\u201d, el Partido del Trabajo en Hidalgo, se transfigur\u00f3 en plena plaza p\u00fablica, y dej\u00f3 caer los velos que le cubr\u00edan el rostro al verdadero propietario de la franquicia, desde hace ya un buen tiempo adquirida por su nuevo y [&hellip;]<\/p>\n","protected":false},"author":93,"featured_media":297918,"comment_status":"closed","ping_status":"closed","sticky":false,"template":"","format":"standard","meta":{"footnotes":""},"categories":[83],"tags":[],"class_list":["post-302282","post","type-post","status-publish","format-standard","has-post-thumbnail","hentry","category-dese-por-enterado"],"_links":{"self":[{"href":"https:\/\/plazajuarez.mx\/historico\/wp-json\/wp\/v2\/posts\/302282","targetHints":{"allow":["GET"]}}],"collection":[{"href":"https:\/\/plazajuarez.mx\/historico\/wp-json\/wp\/v2\/posts"}],"about":[{"href":"https:\/\/plazajuarez.mx\/historico\/wp-json\/wp\/v2\/types\/post"}],"author":[{"embeddable":true,"href":"https:\/\/plazajuarez.mx\/historico\/wp-json\/wp\/v2\/users\/93"}],"replies":[{"embeddable":true,"href":"https:\/\/plazajuarez.mx\/historico\/wp-json\/wp\/v2\/comments?post=302282"}],"version-history":[{"count":1,"href":"https:\/\/plazajuarez.mx\/historico\/wp-json\/wp\/v2\/posts\/302282\/revisions"}],"predecessor-version":[{"id":302287,"href":"https:\/\/plazajuarez.mx\/historico\/wp-json\/wp\/v2\/posts\/302282\/revisions\/302287"}],"wp:featuredmedia":[{"embeddable":true,"href":"https:\/\/plazajuarez.mx\/historico\/wp-json\/wp\/v2\/media\/297918"}],"wp:attachment":[{"href":"https:\/\/plazajuarez.mx\/historico\/wp-json\/wp\/v2\/media?parent=302282"}],"wp:term":[{"taxonomy":"category","embeddable":true,"href":"https:\/\/plazajuarez.mx\/historico\/wp-json\/wp\/v2\/categories?post=302282"},{"taxonomy":"post_tag","embeddable":true,"href":"https:\/\/plazajuarez.mx\/historico\/wp-json\/wp\/v2\/tags?post=302282"}],"curies":[{"name":"wp","href":"https:\/\/api.w.org\/{rel}","templated":true}]}}