{"id":30220,"date":"2016-10-17T13:19:00","date_gmt":"2016-10-17T13:19:00","guid":{"rendered":"http:\/\/plazajuarez.mx\/index\/index.php\/2016\/10\/17\/bajo-reserva-expres-22\/"},"modified":"2016-10-17T13:19:00","modified_gmt":"2016-10-17T13:19:00","slug":"bajo-reserva-expres-22","status":"publish","type":"post","link":"https:\/\/plazajuarez.mx\/historico\/bajo-reserva-expres-22\/","title":{"rendered":"Bajo Reserva Expr\u00e9s"},"content":{"rendered":"<p>Manlio reaparece en evento del PRD<\/p>\n<p>  <!--more-->  <\/p>\n<p>El ex presidente del PRI, Manlio Fabio Beltrones, regresa a los reflectores este lunes y lo har\u00e1 en un evento organizado por el Partido de la Revoluci\u00f3n Democr\u00e1tica.<br \/>Nos conforman que don Manlio fue invitado por Guadalupe Acosta Naranjo, de la corriente perredista Iniciativa Galileos, a un foro para debatir sobre su propuesta de gobierno de coalici\u00f3n.<br \/>Adem\u00e1s de Beltrones, nos aseguran que han confirmado su presencia el ex presidente consejero del Instituto Federal Electoral (IFE), Jos\u00e9 Woldenberg y el senador panista Roberto Gil.<br \/>Se anticipa un buen intercambio de reflexiones.<\/p>\n","protected":false},"excerpt":{"rendered":"<p>Manlio reaparece en evento del PRD<\/p>\n","protected":false},"author":93,"featured_media":0,"comment_status":"open","ping_status":"open","sticky":false,"template":"","format":"standard","meta":{"footnotes":""},"categories":[42],"tags":[],"class_list":["post-30220","post","type-post","status-publish","format-standard","hentry","category-nuestrapalabra"],"_links":{"self":[{"href":"https:\/\/plazajuarez.mx\/historico\/wp-json\/wp\/v2\/posts\/30220","targetHints":{"allow":["GET"]}}],"collection":[{"href":"https:\/\/plazajuarez.mx\/historico\/wp-json\/wp\/v2\/posts"}],"about":[{"href":"https:\/\/plazajuarez.mx\/historico\/wp-json\/wp\/v2\/types\/post"}],"author":[{"embeddable":true,"href":"https:\/\/plazajuarez.mx\/historico\/wp-json\/wp\/v2\/users\/93"}],"replies":[{"embeddable":true,"href":"https:\/\/plazajuarez.mx\/historico\/wp-json\/wp\/v2\/comments?post=30220"}],"version-history":[{"count":0,"href":"https:\/\/plazajuarez.mx\/historico\/wp-json\/wp\/v2\/posts\/30220\/revisions"}],"wp:attachment":[{"href":"https:\/\/plazajuarez.mx\/historico\/wp-json\/wp\/v2\/media?parent=30220"}],"wp:term":[{"taxonomy":"category","embeddable":true,"href":"https:\/\/plazajuarez.mx\/historico\/wp-json\/wp\/v2\/categories?post=30220"},{"taxonomy":"post_tag","embeddable":true,"href":"https:\/\/plazajuarez.mx\/historico\/wp-json\/wp\/v2\/tags?post=30220"}],"curies":[{"name":"wp","href":"https:\/\/api.w.org\/{rel}","templated":true}]}}