{"id":30201,"date":"2016-10-17T13:03:02","date_gmt":"2016-10-17T13:03:02","guid":{"rendered":"http:\/\/plazajuarez.mx\/index\/index.php\/2016\/10\/17\/inseguridad-rebaso-programas-e-instituciones-fernando-herrera\/"},"modified":"2016-10-17T13:03:02","modified_gmt":"2016-10-17T13:03:02","slug":"inseguridad-rebaso-programas-e-instituciones-fernando-herrera","status":"publish","type":"post","link":"https:\/\/plazajuarez.mx\/historico\/inseguridad-rebaso-programas-e-instituciones-fernando-herrera\/","title":{"rendered":"Inseguridad rebas\u00f3 programas e instituciones: Fernando Herrera"},"content":{"rendered":"<p>\u25cf\u00a0\u00a0\u00a0 Asegur\u00f3 que la creciente inseguridad en el pa\u00eds rebas\u00f3 programas e instituciones, por lo que es necesario atender demandas y propuestas de sectores de la sociedad desde un nuevo enfoque y un necesario cambio en la estrategia gubernamental<\/p>\n<p>  <!--more-->  <\/p>\n<p>CIUDAD DE M\u00c9XICO.- El coordinador del PAN en el Senado, Fernando Herrera, asegur\u00f3 que la creciente inseguridad en el pa\u00eds rebas\u00f3 programas e instituciones, por lo que es necesario atender demandas y propuestas de sectores de la sociedad desde un nuevo enfoque y un necesario cambio en la estrategia gubernamental.<br \/>\u201cEl momento reclama pol\u00edticas p\u00fablicas que comprometan no s\u00f3lo a la Federaci\u00f3n en el combate a la delincuencia, sino que hagan part\u00edcipes a estados y municipios, con una obligada rendici\u00f3n de cuentas de las acciones que emprendan y de los recursos que le son asignados\u201d, indic\u00f3.<br \/>El senador por Aguascalientes record\u00f3 que los senadores de Acci\u00f3n Nacional han cuestionado la decisi\u00f3n del actual gobierno de haber integrado las funciones y responsabilidades en materia de seguridad p\u00fablica a la Secretar\u00eda de Gobernaci\u00f3n.<br \/>\u201cFue un error, como tambi\u00e9n lo fue el desmantelamiento de la Plataforma M\u00e9xico y otros sistemas de informaci\u00f3n de inteligencia, que son fundamentales para el combate a la criminalidad\u201d, subray\u00f3.<br \/>Por ello, asegur\u00f3 la seguridad p\u00fablica debe manejarse a partir de un nuevo enfoque, en el que cada autoridad, municipal estatal y federal, asuma responsabilidades y ofrezca resultados.<\/p>\n","protected":false},"excerpt":{"rendered":"<p>\u25cf\u00a0\u00a0\u00a0 Asegur\u00f3 que la creciente inseguridad en el pa\u00eds rebas\u00f3 programas e instituciones, por lo que es necesario atender demandas y propuestas de sectores de la sociedad desde un nuevo enfoque y un necesario cambio en la estrategia gubernamental<\/p>\n","protected":false},"author":93,"featured_media":0,"comment_status":"open","ping_status":"open","sticky":false,"template":"","format":"standard","meta":{"footnotes":""},"categories":[36],"tags":[],"class_list":["post-30201","post","type-post","status-publish","format-standard","hentry","category-nacion"],"_links":{"self":[{"href":"https:\/\/plazajuarez.mx\/historico\/wp-json\/wp\/v2\/posts\/30201","targetHints":{"allow":["GET"]}}],"collection":[{"href":"https:\/\/plazajuarez.mx\/historico\/wp-json\/wp\/v2\/posts"}],"about":[{"href":"https:\/\/plazajuarez.mx\/historico\/wp-json\/wp\/v2\/types\/post"}],"author":[{"embeddable":true,"href":"https:\/\/plazajuarez.mx\/historico\/wp-json\/wp\/v2\/users\/93"}],"replies":[{"embeddable":true,"href":"https:\/\/plazajuarez.mx\/historico\/wp-json\/wp\/v2\/comments?post=30201"}],"version-history":[{"count":0,"href":"https:\/\/plazajuarez.mx\/historico\/wp-json\/wp\/v2\/posts\/30201\/revisions"}],"wp:attachment":[{"href":"https:\/\/plazajuarez.mx\/historico\/wp-json\/wp\/v2\/media?parent=30201"}],"wp:term":[{"taxonomy":"category","embeddable":true,"href":"https:\/\/plazajuarez.mx\/historico\/wp-json\/wp\/v2\/categories?post=30201"},{"taxonomy":"post_tag","embeddable":true,"href":"https:\/\/plazajuarez.mx\/historico\/wp-json\/wp\/v2\/tags?post=30201"}],"curies":[{"name":"wp","href":"https:\/\/api.w.org\/{rel}","templated":true}]}}