{"id":301840,"date":"2024-03-15T00:09:00","date_gmt":"2024-03-15T06:09:00","guid":{"rendered":"https:\/\/plazajuarez.mx\/?p=301840"},"modified":"2024-03-15T00:09:04","modified_gmt":"2024-03-15T06:09:04","slug":"buscara-candidatura-para-la-presidencia-municipal-de-cuautepec","status":"publish","type":"post","link":"https:\/\/plazajuarez.mx\/historico\/buscara-candidatura-para-la-presidencia-municipal-de-cuautepec\/","title":{"rendered":"Buscar\u00e1 candidatura para la presidencia municipal de Cuautepec"},"content":{"rendered":"\n<p>TULANCINGO.- El diputado local por el Distrito X, Jorge Hern\u00e1ndez Araus, solicit\u00f3 licencia a su cargo en el congreso de Hidalgo el pasado mi\u00e9rcoles 13 de marzo, y se perfila como candidato a la presidencia municipal de Cuautepec, como ha sido su intenci\u00f3n desde hace algunos de a\u00f1os, por el partido Movimiento Nacional de Regeneraci\u00f3n Nacional (Morena).<\/p>\n\n\n\n<p>Dicha solicitud fue presentada ante la directiva del Congreso del Estado de Hidalgo, con efectos a partir del 1 de abril del a\u00f1o en curso, por tiempo indefinido y sin goce de sueldo.<\/p>\n\n\n\n<p>Hern\u00e1ndez Araus presidi\u00f3 la Junta de Gobierno del Congreso en su primer a\u00f1o legislativo, y es uno de los nombres fuertes en su natal Cuautepec para ser el candidato a la presidencia municipal por Morena.&nbsp;<\/p>\n\n\n\n<p>Con la presentaci\u00f3n de su solicitud de licencia al cargo, Jorge Araus inicia formalmente su proceso para buscar dicha candidatura, la cual se definir\u00e1 en las pr\u00f3ximas horas.&nbsp;<\/p>\n\n\n\n<p>Hern\u00e1ndez Araus ha ratificado su compromiso con Morena y la Cuarta Transformaci\u00f3n, declarando que no declinar\u00e1 ni contendr\u00e1 por ning\u00fan otro partido, incluso, hace unos d\u00edas, en conferencia de prensa junto con Marco Antonio Rico, presidente estatal de Morena, confirm\u00f3 su lealtad y compromiso con la Cuarta Transformaci\u00f3n.<\/p>\n","protected":false},"excerpt":{"rendered":"<p>TULANCINGO.- El diputado local por el Distrito X, Jorge Hern\u00e1ndez Araus, solicit\u00f3 licencia a su cargo en el congreso de Hidalgo el pasado mi\u00e9rcoles 13 de marzo, y se perfila como candidato a la presidencia municipal de Cuautepec, como ha sido su intenci\u00f3n desde hace algunos de a\u00f1os, por el partido Movimiento Nacional de Regeneraci\u00f3n [&hellip;]<\/p>\n","protected":false},"author":70,"featured_media":301841,"comment_status":"closed","ping_status":"closed","sticky":false,"template":"","format":"standard","meta":{"footnotes":""},"categories":[40],"tags":[],"class_list":["post-301840","post","type-post","status-publish","format-standard","has-post-thumbnail","hentry","category-region"],"_links":{"self":[{"href":"https:\/\/plazajuarez.mx\/historico\/wp-json\/wp\/v2\/posts\/301840","targetHints":{"allow":["GET"]}}],"collection":[{"href":"https:\/\/plazajuarez.mx\/historico\/wp-json\/wp\/v2\/posts"}],"about":[{"href":"https:\/\/plazajuarez.mx\/historico\/wp-json\/wp\/v2\/types\/post"}],"author":[{"embeddable":true,"href":"https:\/\/plazajuarez.mx\/historico\/wp-json\/wp\/v2\/users\/70"}],"replies":[{"embeddable":true,"href":"https:\/\/plazajuarez.mx\/historico\/wp-json\/wp\/v2\/comments?post=301840"}],"version-history":[{"count":0,"href":"https:\/\/plazajuarez.mx\/historico\/wp-json\/wp\/v2\/posts\/301840\/revisions"}],"wp:featuredmedia":[{"embeddable":true,"href":"https:\/\/plazajuarez.mx\/historico\/wp-json\/wp\/v2\/media\/301841"}],"wp:attachment":[{"href":"https:\/\/plazajuarez.mx\/historico\/wp-json\/wp\/v2\/media?parent=301840"}],"wp:term":[{"taxonomy":"category","embeddable":true,"href":"https:\/\/plazajuarez.mx\/historico\/wp-json\/wp\/v2\/categories?post=301840"},{"taxonomy":"post_tag","embeddable":true,"href":"https:\/\/plazajuarez.mx\/historico\/wp-json\/wp\/v2\/tags?post=301840"}],"curies":[{"name":"wp","href":"https:\/\/api.w.org\/{rel}","templated":true}]}}