{"id":301748,"date":"2024-03-14T00:00:00","date_gmt":"2024-03-14T06:00:00","guid":{"rendered":"https:\/\/plazajuarez.mx\/?p=301748"},"modified":"2024-03-13T23:41:57","modified_gmt":"2024-03-14T05:41:57","slug":"enrique-iglesias-lanza-nuevo-video","status":"publish","type":"post","link":"https:\/\/plazajuarez.mx\/historico\/enrique-iglesias-lanza-nuevo-video\/","title":{"rendered":"Enrique Iglesias lanza nuevo video"},"content":{"rendered":"\n<p>Enrique Iglesias ha lanzado este mi\u00e9rcoles el video musical de su m\u00e1s reciente sencillo \u2018Space in My Heart\u2019, una colaboraci\u00f3n con la reconocida estrella de la m\u00fasica country Miranda Lambert.&nbsp;<\/p>\n\n\n\n<p>El estreno internacional del video se dio por los canales de MTV y fue puesto en las pantallas del famoso Times Square de Nueva York.&nbsp;<\/p>\n\n\n\n<p>Dirigido por Trey Fanjoy y producido por Trent Hardville, el video musical se grab\u00f3 en Nashville, la capital del estado de Tennessee y el coraz\u00f3n de la m\u00fasica country.<\/p>\n\n\n\n<p>Con&nbsp; \u2018Space in My Heart\u2019 Iglesias hace historia al cantar por primera vez uno de los g\u00e9neros m\u00e1s queridos por el p\u00fablico estadounidense.<\/p>\n\n\n\n<p>Los dos cantantes anunciaron en febrero pasado su colaboraci\u00f3n con un anuncio en las redes sociales en el que la estadounidense recalc\u00f3 que \u201c\u00a1Texas se encuentra con Espa\u00f1a!\u201d.<\/p>\n","protected":false},"excerpt":{"rendered":"<p>Enrique Iglesias ha lanzado este mi\u00e9rcoles el video musical de su m\u00e1s reciente sencillo \u2018Space in My Heart\u2019, una colaboraci\u00f3n con la reconocida estrella de la m\u00fasica country Miranda Lambert.&nbsp; El estreno internacional del video se dio por los canales de MTV y fue puesto en las pantallas del famoso Times Square de Nueva York.&nbsp; [&hellip;]<\/p>\n","protected":false},"author":80,"featured_media":301750,"comment_status":"closed","ping_status":"closed","sticky":false,"template":"","format":"standard","meta":{"footnotes":""},"categories":[38],"tags":[],"class_list":["post-301748","post","type-post","status-publish","format-standard","has-post-thumbnail","hentry","category-show"],"_links":{"self":[{"href":"https:\/\/plazajuarez.mx\/historico\/wp-json\/wp\/v2\/posts\/301748","targetHints":{"allow":["GET"]}}],"collection":[{"href":"https:\/\/plazajuarez.mx\/historico\/wp-json\/wp\/v2\/posts"}],"about":[{"href":"https:\/\/plazajuarez.mx\/historico\/wp-json\/wp\/v2\/types\/post"}],"author":[{"embeddable":true,"href":"https:\/\/plazajuarez.mx\/historico\/wp-json\/wp\/v2\/users\/80"}],"replies":[{"embeddable":true,"href":"https:\/\/plazajuarez.mx\/historico\/wp-json\/wp\/v2\/comments?post=301748"}],"version-history":[{"count":0,"href":"https:\/\/plazajuarez.mx\/historico\/wp-json\/wp\/v2\/posts\/301748\/revisions"}],"wp:featuredmedia":[{"embeddable":true,"href":"https:\/\/plazajuarez.mx\/historico\/wp-json\/wp\/v2\/media\/301750"}],"wp:attachment":[{"href":"https:\/\/plazajuarez.mx\/historico\/wp-json\/wp\/v2\/media?parent=301748"}],"wp:term":[{"taxonomy":"category","embeddable":true,"href":"https:\/\/plazajuarez.mx\/historico\/wp-json\/wp\/v2\/categories?post=301748"},{"taxonomy":"post_tag","embeddable":true,"href":"https:\/\/plazajuarez.mx\/historico\/wp-json\/wp\/v2\/tags?post=301748"}],"curies":[{"name":"wp","href":"https:\/\/api.w.org\/{rel}","templated":true}]}}