{"id":301743,"date":"2024-03-14T00:00:00","date_gmt":"2024-03-14T06:00:00","guid":{"rendered":"https:\/\/plazajuarez.mx\/?p=301743"},"modified":"2024-03-13T23:40:03","modified_gmt":"2024-03-14T05:40:03","slug":"olivia-munn-se-sometio-a-una-doble-mastectomia","status":"publish","type":"post","link":"https:\/\/plazajuarez.mx\/historico\/olivia-munn-se-sometio-a-una-doble-mastectomia\/","title":{"rendered":"Olivia Munn se someti\u00f3 a una doble mastectom\u00eda"},"content":{"rendered":"\n<p>La actriz estadounidense Olivia Munn revel\u00f3 este mi\u00e9rcoles que se someti\u00f3 a una doble mastectom\u00eda despu\u00e9s de haber sido diagnosticada de un &#8220;agresivo&#8221; c\u00e1ncer de mama en febrero del a\u00f1o pasado.<\/p>\n\n\n\n<p>&#8220;Espero que compartir esto ayude a otras a encontrar consuelo, inspiraci\u00f3n y apoyo en su propia traves\u00eda&#8221;, escribi\u00f3 la tambi\u00e9n modelo en una publicaci\u00f3n de Instagram que incluy\u00f3 fotograf\u00edas y un video de ella hospitalizada, as\u00ed como un comunicado explicando su situaci\u00f3n.<\/p>\n\n\n\n<p>Munn, de 43 a\u00f1os, describe que en 2023 dio negativo en una serie de pruebas gen\u00e9ticas y en una mamograf\u00eda, pero que posteriormente se realiz\u00f3 una resonancia magn\u00e9tica, una ecograf\u00eda y una biopsia en las que los doctores le detectaron la enfermedad.<\/p>\n\n\n\n<p>La int\u00e9rprete confes\u00f3 que el tipo de c\u00e1ncer que sufre en ambos senos es del subtipo luminal B, que es &#8220;agresivo y de crecimiento r\u00e1pido&#8221;, pero apunt\u00f3 que se siente &#8220;afortunada&#8221; porque se lo detectaron &#8220;con tiempo suficiente&#8221; para combatirlo.<\/p>\n\n\n\n<p>La actriz de &#8216;X-Men: Apocalypse&#8217; (2016) dijo que se ha sometido a cuatro operaciones en los \u00faltimos diez meses, incluidas las extirpaciones de sus dos senos, y que contin\u00faa con el tratamiento.<\/p>\n","protected":false},"excerpt":{"rendered":"<p>La actriz estadounidense Olivia Munn revel\u00f3 este mi\u00e9rcoles que se someti\u00f3 a una doble mastectom\u00eda despu\u00e9s de haber sido diagnosticada de un &#8220;agresivo&#8221; c\u00e1ncer de mama en febrero del a\u00f1o pasado. &#8220;Espero que compartir esto ayude a otras a encontrar consuelo, inspiraci\u00f3n y apoyo en su propia traves\u00eda&#8221;, escribi\u00f3 la tambi\u00e9n modelo en una publicaci\u00f3n [&hellip;]<\/p>\n","protected":false},"author":80,"featured_media":301745,"comment_status":"closed","ping_status":"closed","sticky":false,"template":"","format":"standard","meta":{"footnotes":""},"categories":[38],"tags":[],"class_list":["post-301743","post","type-post","status-publish","format-standard","has-post-thumbnail","hentry","category-show"],"_links":{"self":[{"href":"https:\/\/plazajuarez.mx\/historico\/wp-json\/wp\/v2\/posts\/301743","targetHints":{"allow":["GET"]}}],"collection":[{"href":"https:\/\/plazajuarez.mx\/historico\/wp-json\/wp\/v2\/posts"}],"about":[{"href":"https:\/\/plazajuarez.mx\/historico\/wp-json\/wp\/v2\/types\/post"}],"author":[{"embeddable":true,"href":"https:\/\/plazajuarez.mx\/historico\/wp-json\/wp\/v2\/users\/80"}],"replies":[{"embeddable":true,"href":"https:\/\/plazajuarez.mx\/historico\/wp-json\/wp\/v2\/comments?post=301743"}],"version-history":[{"count":0,"href":"https:\/\/plazajuarez.mx\/historico\/wp-json\/wp\/v2\/posts\/301743\/revisions"}],"wp:featuredmedia":[{"embeddable":true,"href":"https:\/\/plazajuarez.mx\/historico\/wp-json\/wp\/v2\/media\/301745"}],"wp:attachment":[{"href":"https:\/\/plazajuarez.mx\/historico\/wp-json\/wp\/v2\/media?parent=301743"}],"wp:term":[{"taxonomy":"category","embeddable":true,"href":"https:\/\/plazajuarez.mx\/historico\/wp-json\/wp\/v2\/categories?post=301743"},{"taxonomy":"post_tag","embeddable":true,"href":"https:\/\/plazajuarez.mx\/historico\/wp-json\/wp\/v2\/tags?post=301743"}],"curies":[{"name":"wp","href":"https:\/\/api.w.org\/{rel}","templated":true}]}}