{"id":301714,"date":"2024-03-14T00:00:00","date_gmt":"2024-03-14T06:00:00","guid":{"rendered":"https:\/\/plazajuarez.mx\/?p=301714"},"modified":"2024-03-13T23:26:28","modified_gmt":"2024-03-14T05:26:28","slug":"buscan-que-infancias-sean-tomadas-en-cuenta-en-procuracion-de-justicia","status":"publish","type":"post","link":"https:\/\/plazajuarez.mx\/historico\/buscan-que-infancias-sean-tomadas-en-cuenta-en-procuracion-de-justicia\/","title":{"rendered":"Buscan que infancias sean tomadas en cuenta en procuraci\u00f3n de justicia"},"content":{"rendered":"\n<p>En sesi\u00f3n Ordinaria en el Congreso del Estado de Hidalgo, la Diputada Erika Rodr\u00edguez y el Grupo Plural Independiente presentaron una iniciativa que busca garantizar el derecho a la primera infancia, ni\u00f1ez y adolescencia a participar, a ser escuchados y tomados en cuenta en los asuntos de su inter\u00e9s, particularmente en la procuraci\u00f3n de justicia, garantizando el inter\u00e9s superior de la ni\u00f1ez.<\/p>\n\n\n\n<p>La Presidenta de la Comisi\u00f3n de la Ni\u00f1ez, la Juventud, el Deporte y la Familia, explic\u00f3: \u201cuno de los est\u00e1ndares de la atenci\u00f3n, escucha e interpretaci\u00f3n de las infancias, es la observaci\u00f3n general n\u00famero 12 de la Convenci\u00f3n sobre los Derechos del Ni\u00f1o, relativa a que ni\u00f1as, ni\u00f1os y adolescentes no deben tener necesariamente un conocimiento exhaustivo de todos los aspectos que los afectan, una comprensi\u00f3n necesaria para que sean capaces de formar su propio juicio.\u201d<\/p>\n\n\n\n<p>Agreg\u00f3, \u201cen ese sentido, el hecho de citar el inter\u00e9s superior de la ni\u00f1ez, no quiere decir que se est\u00e9 aplicando o que se est\u00e9 garantizado. Las personas juzgadoras que no saben leer el testimonio de una ni\u00f1a, ni\u00f1o o adolescente est\u00e1n atropellando, amenazando y violentando todos sus derechos, privandolos de acceder a su derecho a la justicia\u201d.<\/p>\n\n\n\n<p>En ese sentido, la legisladora enfatiz\u00f3 que las infancias merecen ser escuchadas con atenci\u00f3n, dando importancia a sus palabras, con respeto, con amor, sin paternalismos y adultocentrismo, reconociendo sus derechos y capacidades.<\/p>\n","protected":false},"excerpt":{"rendered":"<p>En sesi\u00f3n Ordinaria en el Congreso del Estado de Hidalgo, la Diputada Erika Rodr\u00edguez y el Grupo Plural Independiente presentaron una iniciativa que busca garantizar el derecho a la primera infancia, ni\u00f1ez y adolescencia a participar, a ser escuchados y tomados en cuenta en los asuntos de su inter\u00e9s, particularmente en la procuraci\u00f3n de justicia, [&hellip;]<\/p>\n","protected":false},"author":93,"featured_media":301715,"comment_status":"closed","ping_status":"closed","sticky":false,"template":"","format":"standard","meta":{"footnotes":""},"categories":[59],"tags":[],"class_list":["post-301714","post","type-post","status-publish","format-standard","has-post-thumbnail","hentry","category-general"],"_links":{"self":[{"href":"https:\/\/plazajuarez.mx\/historico\/wp-json\/wp\/v2\/posts\/301714","targetHints":{"allow":["GET"]}}],"collection":[{"href":"https:\/\/plazajuarez.mx\/historico\/wp-json\/wp\/v2\/posts"}],"about":[{"href":"https:\/\/plazajuarez.mx\/historico\/wp-json\/wp\/v2\/types\/post"}],"author":[{"embeddable":true,"href":"https:\/\/plazajuarez.mx\/historico\/wp-json\/wp\/v2\/users\/93"}],"replies":[{"embeddable":true,"href":"https:\/\/plazajuarez.mx\/historico\/wp-json\/wp\/v2\/comments?post=301714"}],"version-history":[{"count":0,"href":"https:\/\/plazajuarez.mx\/historico\/wp-json\/wp\/v2\/posts\/301714\/revisions"}],"wp:featuredmedia":[{"embeddable":true,"href":"https:\/\/plazajuarez.mx\/historico\/wp-json\/wp\/v2\/media\/301715"}],"wp:attachment":[{"href":"https:\/\/plazajuarez.mx\/historico\/wp-json\/wp\/v2\/media?parent=301714"}],"wp:term":[{"taxonomy":"category","embeddable":true,"href":"https:\/\/plazajuarez.mx\/historico\/wp-json\/wp\/v2\/categories?post=301714"},{"taxonomy":"post_tag","embeddable":true,"href":"https:\/\/plazajuarez.mx\/historico\/wp-json\/wp\/v2\/tags?post=301714"}],"curies":[{"name":"wp","href":"https:\/\/api.w.org\/{rel}","templated":true}]}}