{"id":301687,"date":"2024-03-14T00:00:00","date_gmt":"2024-03-14T06:00:00","guid":{"rendered":"https:\/\/plazajuarez.mx\/?p=301687"},"modified":"2024-03-13T23:23:32","modified_gmt":"2024-03-14T05:23:32","slug":"impartiran-taller-de-lengua-de-senas-mexicana","status":"publish","type":"post","link":"https:\/\/plazajuarez.mx\/historico\/impartiran-taller-de-lengua-de-senas-mexicana\/","title":{"rendered":"Impartir\u00e1n taller de Lengua de Se\u00f1as Mexicana\u00a0"},"content":{"rendered":"\n<p>Para facilitar la comunicaci\u00f3n al interior y exterior de la Secretar\u00eda de Infraestructura P\u00fablica y Desarrollo Urbano Sostenible (SIPDUS), y en un acto que busca la integraci\u00f3n de todas las personas, la Secretar\u00eda de Bienestar e Inclusi\u00f3n Social (Sebiso) comenz\u00f3 el taller de Lengua de Se\u00f1as Mexicana (LSM), dirigido al personal que brinda atenci\u00f3n al p\u00fablico.<\/p>\n\n\n\n<p>De los 13 trabajadores con discapacidad, que actualmente forman parte de la plantilla laboral de la SIPDUS, cinco de ellos viven con una de tipo auditiva. Algunas de esas contrataciones se realizaron con la finalidad de establecer un marco de inclusi\u00f3n, y ahora, en una segunda etapa, se capacita al personal en materia de Lengua de Se\u00f1as Mexicana.<\/p>\n\n\n\n<p>El taller, que tendr\u00e1 una duraci\u00f3n de 24 horas, distribuidas en 12 sesiones semanales, ser\u00e1 impartido por personal de la Direcci\u00f3n General de Inclusi\u00f3n para las Personas con Discapacidad. Est\u00e1 dirigido a 24 personas de distintos espacios que, por la naturaleza de sus funciones, ofrecen atenci\u00f3n directa al p\u00fablico, y de las \u00e1reas a las que pertenece el personal con discapacidad, a efecto de facilitar la comunicaci\u00f3n en su ambiente laboral.<\/p>\n\n\n\n<p>En este curso se explic\u00f3 la diferencia entre lengua y lenguaje, la importancia de la inclusi\u00f3n de las personas sordas en la vida p\u00fablica y social, estrategias para lograr la inclusi\u00f3n, contexto para entender la LSM. Adem\u00e1s, se ense\u00f1\u00f3 el alfabeto de esta lengua y se realizaron ejercicios pr\u00e1cticos.<\/p>\n","protected":false},"excerpt":{"rendered":"<p>Para facilitar la comunicaci\u00f3n al interior y exterior de la Secretar\u00eda de Infraestructura P\u00fablica y Desarrollo Urbano Sostenible (SIPDUS), y en un acto que busca la integraci\u00f3n de todas las personas, la Secretar\u00eda de Bienestar e Inclusi\u00f3n Social (Sebiso) comenz\u00f3 el taller de Lengua de Se\u00f1as Mexicana (LSM), dirigido al personal que brinda atenci\u00f3n al [&hellip;]<\/p>\n","protected":false},"author":93,"featured_media":301690,"comment_status":"closed","ping_status":"closed","sticky":false,"template":"","format":"standard","meta":{"footnotes":""},"categories":[59],"tags":[],"class_list":["post-301687","post","type-post","status-publish","format-standard","has-post-thumbnail","hentry","category-general"],"_links":{"self":[{"href":"https:\/\/plazajuarez.mx\/historico\/wp-json\/wp\/v2\/posts\/301687","targetHints":{"allow":["GET"]}}],"collection":[{"href":"https:\/\/plazajuarez.mx\/historico\/wp-json\/wp\/v2\/posts"}],"about":[{"href":"https:\/\/plazajuarez.mx\/historico\/wp-json\/wp\/v2\/types\/post"}],"author":[{"embeddable":true,"href":"https:\/\/plazajuarez.mx\/historico\/wp-json\/wp\/v2\/users\/93"}],"replies":[{"embeddable":true,"href":"https:\/\/plazajuarez.mx\/historico\/wp-json\/wp\/v2\/comments?post=301687"}],"version-history":[{"count":0,"href":"https:\/\/plazajuarez.mx\/historico\/wp-json\/wp\/v2\/posts\/301687\/revisions"}],"wp:featuredmedia":[{"embeddable":true,"href":"https:\/\/plazajuarez.mx\/historico\/wp-json\/wp\/v2\/media\/301690"}],"wp:attachment":[{"href":"https:\/\/plazajuarez.mx\/historico\/wp-json\/wp\/v2\/media?parent=301687"}],"wp:term":[{"taxonomy":"category","embeddable":true,"href":"https:\/\/plazajuarez.mx\/historico\/wp-json\/wp\/v2\/categories?post=301687"},{"taxonomy":"post_tag","embeddable":true,"href":"https:\/\/plazajuarez.mx\/historico\/wp-json\/wp\/v2\/tags?post=301687"}],"curies":[{"name":"wp","href":"https:\/\/api.w.org\/{rel}","templated":true}]}}