{"id":301678,"date":"2024-03-14T00:00:00","date_gmt":"2024-03-14T06:00:00","guid":{"rendered":"https:\/\/plazajuarez.mx\/?p=301678"},"modified":"2024-03-13T23:23:22","modified_gmt":"2024-03-14T05:23:22","slug":"dese-por-enterado-1265","status":"publish","type":"post","link":"https:\/\/plazajuarez.mx\/historico\/dese-por-enterado-1265\/","title":{"rendered":"DESE POR ENTERADO"},"content":{"rendered":"\n<p><strong>PACHUCA, LA ELECCI\u00d3N M\u00c1S INTERESANTE<\/strong>. \u2013 Uno de los resultados de la elecci\u00f3n del pr\u00f3ximo 02 de junio, que sin duda acaparar\u00e1 la atenci\u00f3n de la ciudadan\u00eda, pero tambi\u00e9n de quienes gustan observar los per\u00edodos de poder de cada dinast\u00eda pol\u00edtica, ser\u00e1 el de Pachuca, porque un triunfo inobjetable y por amplio margen del virtual candidato de Morena, <strong>Jorge Alberto Reyes Hern\u00e1ndez<\/strong>, indicar\u00eda con absoluta precisi\u00f3n que la permanencia de dicho partido en el Poder Ejecutivo, habr\u00e1 de ampliarse por lo menos otros dos o tres sexenios. En cambio, una derrota igual de inobjetable y por amplio margen, ante el candidato de la alianza PRI-PAN-PRD, <strong>Benjam\u00edn Rico Moreno<\/strong>, acortar\u00eda espectacularmente la hegemon\u00eda pol\u00edtica morenista, y acrecentar\u00eda las esperanzas de que el tricolor regrese por sus fueros. Es pues, sin duda alguna, la elecci\u00f3n m\u00e1s importante en Hidalgo, de todas las que se llevar\u00e1n a cabo, porque marcar\u00e1 signos claros en el devenir pol\u00edtico de la entidad.<\/p>\n\n\n\n<figure class=\"wp-block-gallery has-nested-images columns-default is-cropped wp-block-gallery-1 is-layout-flex wp-block-gallery-is-layout-flex\">\n<figure class=\"wp-block-image size-large\"><img loading=\"lazy\" decoding=\"async\" width=\"854\" height=\"1280\" data-id=\"301680\" src=\"https:\/\/plazajuarez.mx\/historico\/historico\/wp-content\/uploads\/2024\/03\/PACHUCA-LA-ELECCION-MAS-INTERESANTE-CORTESIA.jpeg\" alt=\"\" class=\"wp-image-301680\" srcset=\"https:\/\/plazajuarez.mx\/historico\/wp-content\/uploads\/2024\/03\/PACHUCA-LA-ELECCION-MAS-INTERESANTE-CORTESIA.jpeg 854w, https:\/\/plazajuarez.mx\/historico\/wp-content\/uploads\/2024\/03\/PACHUCA-LA-ELECCION-MAS-INTERESANTE-CORTESIA-768x1151.jpeg 768w\" sizes=\"auto, (max-width: 854px) 100vw, 854px\" \/><\/figure>\n<\/figure>\n\n\n\n<p>Foto: Cortesia<\/p>\n\n\n\n<p><strong>Y PENSAR QUE CRITIC\u00c1BAMOS A SHARON MACOTELA<\/strong>. \u2013 Gran disculpa de todos los que, en su momento, criticaron a la diputada local morenista, Sharon Macotela, por celebrar el cumplea\u00f1os de su hija en la sede del Congreso, o uno que otro desfiguro. Pero el hecho es que dijo que iba a cumplir su encargo, y es lo que hace: tener palabra. Porque resulta que ya se van sus colegas <strong>Tania Valdez Cuellar (<\/strong><strong><em>Lady Despensas<\/em><\/strong><strong>), Jorge Hern\u00e1ndez Araus y Octavio Maga\u00f1a Soto<\/strong>, y fue la \u00fanica que, por lo menos, se abstuvo en una de las votaciones para darles permiso a los mencionados, porque resulta que ahora quieren ser alcaldes. Es decir, no cumplieron su compromiso de ser legisladores locales hasta el \u00faltimo d\u00eda de su mandato. Ya se van, como si deveras hubieran hecho maravillas para creer que merecen ser promovidos. En serio, <strong>es urgente que, en la legislaci\u00f3n respectiva, se anote que ning\u00fan representante popular en funcionarios, puede dimitir porque pretende buscar hueso nuevo<\/strong>. \u00a1Y pensar que criticamos a Sharon!<\/p>\n\n\n\n<figure class=\"wp-block-image size-full\"><img loading=\"lazy\" decoding=\"async\" width=\"854\" height=\"853\" src=\"https:\/\/plazajuarez.mx\/historico\/historico\/wp-content\/uploads\/2024\/03\/Y-PENSAR-QUE-CRITICABAMOS-A-SHARON-MACOTELA-FACEBOOK-TANIA-VALDEZ-CUELLAR.jpg\" alt=\"\" class=\"wp-image-301682\" srcset=\"https:\/\/plazajuarez.mx\/historico\/wp-content\/uploads\/2024\/03\/Y-PENSAR-QUE-CRITICABAMOS-A-SHARON-MACOTELA-FACEBOOK-TANIA-VALDEZ-CUELLAR.jpg 854w, https:\/\/plazajuarez.mx\/historico\/wp-content\/uploads\/2024\/03\/Y-PENSAR-QUE-CRITICABAMOS-A-SHARON-MACOTELA-FACEBOOK-TANIA-VALDEZ-CUELLAR-768x767.jpg 768w, https:\/\/plazajuarez.mx\/historico\/wp-content\/uploads\/2024\/03\/Y-PENSAR-QUE-CRITICABAMOS-A-SHARON-MACOTELA-FACEBOOK-TANIA-VALDEZ-CUELLAR-36x36.jpg 36w\" sizes=\"auto, (max-width: 854px) 100vw, 854px\" \/><\/figure>\n\n\n\n<p>Foto: Facebook Tania Valdez Cuellar<\/p>\n\n\n\n<p><strong>EN EL PRI, UN PASO ADELANTE, DOS PARA ATR\u00c1S<\/strong>. \u2013 Cada cual puede tener su opini\u00f3n de <strong>Jos\u00e9 Antonio Rojo Garc\u00eda de Alba<\/strong>, pero nadie puede negar que es un pol\u00edtico de carrera, pri\u00edsta en todo el sentido de la palabra, y que sin duda puede ser clave para quien intente revivir al PRI, al ser nominado como candidato plurinominal al Congreso local. Pero que coloquen en primer\u00edsimo lugar al actual l\u00edder pri\u00edsta, <strong>Marco Antonio Mendoza Bustamante<\/strong>, para el mismo cargo, se antoja algo por lo menos dif\u00edcil de entender. Porque tal vez el mejor don del dirigente pri\u00edsta, <strong>es estar en el lugar indicado, y a la hora indicada. Pero nada m\u00e1s.<\/strong><\/p>\n\n\n\n<figure class=\"wp-block-image size-full\"><img loading=\"lazy\" decoding=\"async\" width=\"342\" height=\"419\" src=\"https:\/\/plazajuarez.mx\/historico\/historico\/wp-content\/uploads\/2024\/03\/EN-EL-PRI-UN-PASO-ADELANTE-DOS-PARA-ATRAS-CORTESIA.jpg\" alt=\"\" class=\"wp-image-301683\"\/><\/figure>\n\n\n\n<p>Foto: Cortesia<\/p>\n\n\n\n<p><strong>\u00bfA POCO DEVERAS TAN INCLUYENTE EL CUATEMOCHAS? <\/strong>\u2013 Candidato de Morena al Senado de la Rep\u00fablica, <strong>Cuauht\u00e9moc Ochoa<\/strong>, se hace ver en diversas narraciones de su consolidaci\u00f3n como abanderado a ese cargo, cual si fuera un pr\u00f3cer de la democracia al interior del partido presidencial, y cual si fuera el prospecto \u00fanico, desde ya, para ser candidato a gobernador del Estado. <strong>Porque se cuenta que lleg\u00f3 a la nominaci\u00f3n contra todos y por obra directa del mero patr\u00f3n, o de la futura patrona, que qui\u00e9n sabe por qu\u00e9 razones, lo estiman tanto, que dispuestos estaban a desbaratar el escenario pol\u00edtico que hoy les es positivo en Hidalgo, con tal de que Cuatemochas llegara. Seee.<\/strong><\/p>\n\n\n\n<figure class=\"wp-block-image size-full\"><img loading=\"lazy\" decoding=\"async\" width=\"852\" height=\"1280\" src=\"https:\/\/plazajuarez.mx\/historico\/historico\/wp-content\/uploads\/2024\/03\/\u00bfA-POCO-DEVERAS-TAN-INCLUYENTE-EL-CUATEMOCHAS_-Cortesia-.jpg\" alt=\"\" class=\"wp-image-301685\" srcset=\"https:\/\/plazajuarez.mx\/historico\/wp-content\/uploads\/2024\/03\/\u00bfA-POCO-DEVERAS-TAN-INCLUYENTE-EL-CUATEMOCHAS_-Cortesia-.jpg 852w, https:\/\/plazajuarez.mx\/historico\/wp-content\/uploads\/2024\/03\/\u00bfA-POCO-DEVERAS-TAN-INCLUYENTE-EL-CUATEMOCHAS_-Cortesia--768x1154.jpg 768w\" sizes=\"auto, (max-width: 852px) 100vw, 852px\" \/><\/figure>\n\n\n\n<p>Foto: Cortesia<\/p>\n\n\n\n<p><strong>Aviso para que no digan: Esta columna se nutre de comentarios recabados por agencias del Recontra-Espionaje, muy similares a las que populariz\u00f3 el \u201cS\u00faper Agente 86\u201d en sus tiempos. Como tal lo que publicamos puede que sea cierto, puede que no, o todo lo contrario. Est\u00e1 usted en libertad de creer o no lo que lee, recontra-enojarse, recontra- carcajearse y hasta recontra-recordarnos a nuestra jefecita (nosotros recontra-haremos lo propio). Avisado est\u00e1 usted.<\/strong><\/p>\n\n\n\n<p><strong>Correo: desexenterado@gmail.com&nbsp;&nbsp;<\/strong><\/p>\n\n\n\n<p><strong>X: @desexenterado<\/strong><\/p>\n","protected":false},"excerpt":{"rendered":"<p>PACHUCA, LA ELECCI\u00d3N M\u00c1S INTERESANTE. \u2013 Uno de los resultados de la elecci\u00f3n del pr\u00f3ximo 02 de junio, que sin duda acaparar\u00e1 la atenci\u00f3n de la ciudadan\u00eda, pero tambi\u00e9n de quienes gustan observar los per\u00edodos de poder de cada dinast\u00eda pol\u00edtica, ser\u00e1 el de Pachuca, porque un triunfo inobjetable y por amplio margen del virtual [&hellip;]<\/p>\n","protected":false},"author":93,"featured_media":297918,"comment_status":"closed","ping_status":"closed","sticky":false,"template":"","format":"standard","meta":{"footnotes":""},"categories":[83],"tags":[],"class_list":["post-301678","post","type-post","status-publish","format-standard","has-post-thumbnail","hentry","category-dese-por-enterado"],"_links":{"self":[{"href":"https:\/\/plazajuarez.mx\/historico\/wp-json\/wp\/v2\/posts\/301678","targetHints":{"allow":["GET"]}}],"collection":[{"href":"https:\/\/plazajuarez.mx\/historico\/wp-json\/wp\/v2\/posts"}],"about":[{"href":"https:\/\/plazajuarez.mx\/historico\/wp-json\/wp\/v2\/types\/post"}],"author":[{"embeddable":true,"href":"https:\/\/plazajuarez.mx\/historico\/wp-json\/wp\/v2\/users\/93"}],"replies":[{"embeddable":true,"href":"https:\/\/plazajuarez.mx\/historico\/wp-json\/wp\/v2\/comments?post=301678"}],"version-history":[{"count":0,"href":"https:\/\/plazajuarez.mx\/historico\/wp-json\/wp\/v2\/posts\/301678\/revisions"}],"wp:featuredmedia":[{"embeddable":true,"href":"https:\/\/plazajuarez.mx\/historico\/wp-json\/wp\/v2\/media\/297918"}],"wp:attachment":[{"href":"https:\/\/plazajuarez.mx\/historico\/wp-json\/wp\/v2\/media?parent=301678"}],"wp:term":[{"taxonomy":"category","embeddable":true,"href":"https:\/\/plazajuarez.mx\/historico\/wp-json\/wp\/v2\/categories?post=301678"},{"taxonomy":"post_tag","embeddable":true,"href":"https:\/\/plazajuarez.mx\/historico\/wp-json\/wp\/v2\/tags?post=301678"}],"curies":[{"name":"wp","href":"https:\/\/api.w.org\/{rel}","templated":true}]}}