{"id":301655,"date":"2024-03-13T13:20:01","date_gmt":"2024-03-13T19:20:01","guid":{"rendered":"https:\/\/plazajuarez.mx\/?p=301655"},"modified":"2024-03-13T13:26:37","modified_gmt":"2024-03-13T19:26:37","slug":"fallece-menor-a-causa-de-bullying-en-santiago-de-anaya","status":"publish","type":"post","link":"https:\/\/plazajuarez.mx\/historico\/fallece-menor-a-causa-de-bullying-en-santiago-de-anaya\/","title":{"rendered":"Fallece menor a causa de bullying"},"content":{"rendered":"\n<p><strong>SANTIAGO DE ANAYA.- <\/strong>Falleci\u00f3 el ni\u00f1o Adriel \u201cN\u201d de 11 a\u00f1os, v\u00edctima de acoso escolar en su primaria, Benito Ju\u00e1rez, en la comunidad de Xitzo, en el municipio de Santiago de Anaya, donde fue agredido por dos de sus compa\u00f1eros de clase el jueves de la semana pasada.<\/p>\n\n\n\n<p>Las agresiones fueron tan fuertes que le fracturaron la clav\u00edcula y le provocaron lesiones internas. El menor fue agredido dentro de su sal\u00f3n.<\/p>\n\n\n\n<p>El director, Rufino Jim\u00e9nez Reyes, lo levant\u00f3 bruscamente, lo subi\u00f3 a su camioneta y lo traslad\u00f3 a la casa con sus padres, a quienes recomend\u00f3 llevarlo a un m\u00e9dico. El ni\u00f1o presentaba mucho dolor y lo trasladaron por sus propios medios para realizarle una tomograf\u00eda. Ah\u00ed se confirm\u00f3 que ten\u00eda la clav\u00edcula destrozada, \u00fanicamente lo vendaron.<\/p>\n\n\n\n<p>Sin embargo, el ni\u00f1o comenz\u00f3 con fuertes dolores en la cabeza y lo trasladaron a un m\u00e9dico, donde se desvaneci\u00f3 y fue llevado de emergencia al hospital, donde permaneci\u00f3 desde el jueves. Los padres de Adriel, junto con familiares, amigos y miembros de la propia escuela, exigen justicia por estos hechos. Piden que se investigue no solo a los menores responsables de la agresi\u00f3n, plenamente identificados, sino tambi\u00e9n a la maestra, Isela Percastegui, y al director, Rufino Jim\u00e9nez Reyes, de quienes no se tiene contacto desde el jueves, no se han presentado ni preguntado por el ni\u00f1o.<\/p>\n\n\n\n<p>El ni\u00f1o, tras caer en coma, fue declarado con muerte cerebral y diversos co\u00e1gulos internos y, aunque se esperaba un milagro, la noche de este martes, los m\u00e9dicos informaron que ya no presentaba ning\u00fan signo vital.<\/p>\n\n\n\n<p>Tras la muerte de Adriel, se ha iniciado una campa\u00f1a en redes sociales, donde se pide justicia. Mientras tanto, las autoridades en Hidalgo han comenzado una investigaci\u00f3n y la Comisi\u00f3n de Derechos Humanos del Estado (CDHEH) ha iniciado una queja de oficio.<\/p>\n","protected":false},"excerpt":{"rendered":"<p>SANTIAGO DE ANAYA.- Falleci\u00f3 el ni\u00f1o Adriel \u201cN\u201d de 11 a\u00f1os, v\u00edctima de acoso escolar en su primaria, Benito Ju\u00e1rez, en la comunidad de Xitzo, en el municipio de Santiago de Anaya, donde fue agredido por dos de sus compa\u00f1eros de clase el jueves de la semana pasada. Las agresiones fueron tan fuertes que le [&hellip;]<\/p>\n","protected":false},"author":75,"featured_media":301656,"comment_status":"closed","ping_status":"closed","sticky":false,"template":"","format":"standard","meta":{"footnotes":""},"categories":[15,59,40],"tags":[],"class_list":["post-301655","post","type-post","status-publish","format-standard","has-post-thumbnail","hentry","category-destacadas","category-general","category-region"],"_links":{"self":[{"href":"https:\/\/plazajuarez.mx\/historico\/wp-json\/wp\/v2\/posts\/301655","targetHints":{"allow":["GET"]}}],"collection":[{"href":"https:\/\/plazajuarez.mx\/historico\/wp-json\/wp\/v2\/posts"}],"about":[{"href":"https:\/\/plazajuarez.mx\/historico\/wp-json\/wp\/v2\/types\/post"}],"author":[{"embeddable":true,"href":"https:\/\/plazajuarez.mx\/historico\/wp-json\/wp\/v2\/users\/75"}],"replies":[{"embeddable":true,"href":"https:\/\/plazajuarez.mx\/historico\/wp-json\/wp\/v2\/comments?post=301655"}],"version-history":[{"count":0,"href":"https:\/\/plazajuarez.mx\/historico\/wp-json\/wp\/v2\/posts\/301655\/revisions"}],"wp:featuredmedia":[{"embeddable":true,"href":"https:\/\/plazajuarez.mx\/historico\/wp-json\/wp\/v2\/media\/301656"}],"wp:attachment":[{"href":"https:\/\/plazajuarez.mx\/historico\/wp-json\/wp\/v2\/media?parent=301655"}],"wp:term":[{"taxonomy":"category","embeddable":true,"href":"https:\/\/plazajuarez.mx\/historico\/wp-json\/wp\/v2\/categories?post=301655"},{"taxonomy":"post_tag","embeddable":true,"href":"https:\/\/plazajuarez.mx\/historico\/wp-json\/wp\/v2\/tags?post=301655"}],"curies":[{"name":"wp","href":"https:\/\/api.w.org\/{rel}","templated":true}]}}