{"id":301578,"date":"2024-03-13T00:32:04","date_gmt":"2024-03-13T06:32:04","guid":{"rendered":"https:\/\/plazajuarez.mx\/?p=301578"},"modified":"2024-03-13T00:32:22","modified_gmt":"2024-03-13T06:32:22","slug":"dese-por-enterado-1264","status":"publish","type":"post","link":"https:\/\/plazajuarez.mx\/historico\/dese-por-enterado-1264\/","title":{"rendered":"DESE POR ENTERADO"},"content":{"rendered":"\n<p><strong>CASI AMARRADA INVERSI\u00d3N DE ARMADORA DE AUTOS EL\u00c9CTRICOS<\/strong>. \u2013 Hay espacio suficiente, para que Hidalgo se quede no solo con la planta armadora de autos chinos BYD (Build Your Dreams), sino de otra a\u00fan m\u00e1s importante. <strong>Los \u00faltimos detalles se afinan, y podr\u00edamos estar ante dos de las inversiones m\u00e1s grandes en la industria automotriz, que de principio ya dieron el visto bueno, por la localizaci\u00f3n de los terrenos dispuestos para ese objetivo.<\/strong> Como que se antoja decir que ya era justo, que no pod\u00edamos repetir una y otra vez la historia, en que siempre quedamos a la cola de las oportunidades de progreso, porque este tipo de armadora contratan personal egresado de universidades, de las que hay muchas en Hidalgo con carreras afines a la industria automotriz. An\u00edmese a creer, porque viene una excelente noticia.<\/p>\n\n\n\n<figure class=\"wp-block-image size-full\"><img loading=\"lazy\" decoding=\"async\" width=\"2560\" height=\"1440\" src=\"https:\/\/plazajuarez.mx\/historico\/historico\/wp-content\/uploads\/2024\/03\/CASI-AMARRADA-INVERSION-DE-ARMADORA-DE-AUTOS-ELECTRICOS-PAGINA-OFICIAL-BYD-AUTO-scaled.jpg\" alt=\"\" class=\"wp-image-301579\" srcset=\"https:\/\/plazajuarez.mx\/historico\/wp-content\/uploads\/2024\/03\/CASI-AMARRADA-INVERSION-DE-ARMADORA-DE-AUTOS-ELECTRICOS-PAGINA-OFICIAL-BYD-AUTO-scaled.jpg 2560w, https:\/\/plazajuarez.mx\/historico\/wp-content\/uploads\/2024\/03\/CASI-AMARRADA-INVERSION-DE-ARMADORA-DE-AUTOS-ELECTRICOS-PAGINA-OFICIAL-BYD-AUTO-768x432.jpg 768w, https:\/\/plazajuarez.mx\/historico\/wp-content\/uploads\/2024\/03\/CASI-AMARRADA-INVERSION-DE-ARMADORA-DE-AUTOS-ELECTRICOS-PAGINA-OFICIAL-BYD-AUTO-1536x864.jpg 1536w, https:\/\/plazajuarez.mx\/historico\/wp-content\/uploads\/2024\/03\/CASI-AMARRADA-INVERSION-DE-ARMADORA-DE-AUTOS-ELECTRICOS-PAGINA-OFICIAL-BYD-AUTO-2048x1152.jpg 2048w\" sizes=\"auto, (max-width: 2560px) 100vw, 2560px\" \/><\/figure>\n\n\n\n<p>Foto: P\u00e0gina oficial BYD Auto<\/p>\n\n\n\n<p><strong>JOS\u00c9 ANTONIO ROJO VA A SER DIPUTADO LOCAL.<\/strong> \u2013 Ya colocado en primer\u00edsimo lugar como seguro candidato plurinominal del PRI al Congreso local, <strong>Jos\u00e9 Antonio Rojo Garc\u00eda de Alba, re\u00fane varias caracter\u00edsticas que lo hacen id\u00f3neo para el cargo, pero resulta vital: es conciliador, sabe llegar a consenso.<\/strong> Y esos dos valores, tienen un peso espec\u00edfico en estos tiempos tormentosos que vivimos. Porque se antoja que es tiempo de que el di\u00e1logo, la verdadera preocupaci\u00f3n por los ciudadanos, sea el eje central de toda actividad pol\u00edtica.<\/p>\n\n\n\n<figure class=\"wp-block-image size-full\"><img loading=\"lazy\" decoding=\"async\" width=\"957\" height=\"959\" src=\"https:\/\/plazajuarez.mx\/historico\/historico\/wp-content\/uploads\/2024\/03\/JOSE-ANTONIO-ROJO-VA-A-SER-DIPUTADO-LOCAL-FACEBOOK-JOSE-ANTONIO-ROJO.jpg\" alt=\"\" class=\"wp-image-301581\" srcset=\"https:\/\/plazajuarez.mx\/historico\/wp-content\/uploads\/2024\/03\/JOSE-ANTONIO-ROJO-VA-A-SER-DIPUTADO-LOCAL-FACEBOOK-JOSE-ANTONIO-ROJO.jpg 957w, https:\/\/plazajuarez.mx\/historico\/wp-content\/uploads\/2024\/03\/JOSE-ANTONIO-ROJO-VA-A-SER-DIPUTADO-LOCAL-FACEBOOK-JOSE-ANTONIO-ROJO-768x770.jpg 768w, https:\/\/plazajuarez.mx\/historico\/wp-content\/uploads\/2024\/03\/JOSE-ANTONIO-ROJO-VA-A-SER-DIPUTADO-LOCAL-FACEBOOK-JOSE-ANTONIO-ROJO-36x36.jpg 36w\" sizes=\"auto, (max-width: 957px) 100vw, 957px\" \/><\/figure>\n\n\n\n<p>Foto: Facebook J\u00f2se Antonio Rojo<\/p>\n\n\n\n<p><strong>SHAIDA MART\u00cdNEZ, BUSCAR\u00c1 ALCALDIA DE MINERAL POR EL PAN<\/strong>. \u2013 Juran los que se enteran de trascendidos y esas cosas, que <strong>Shaida Anyel Mart\u00ednez Lozada, esposa del ahora ex alcalde de Mineral de la Reforma, Israel F\u00e9lix Soto, ser\u00e1 candidata de Acci\u00f3n Nacional a la alcald\u00eda citada, luego de largu\u00edsimas negociaciones<\/strong>, aunque todav\u00eda hay los que insisten que Morena tambi\u00e9n est\u00e1 interesado en su postulaci\u00f3n. Pero lo que es el PAN, afirman que est\u00e1n que brincan de gusto por esta nominaci\u00f3n, porque de plano las arcas del blanquiazul hac\u00edan agua. Veremos.<\/p>\n\n\n\n<figure class=\"wp-block-image size-full\"><img loading=\"lazy\" decoding=\"async\" width=\"720\" height=\"554\" src=\"https:\/\/plazajuarez.mx\/historico\/historico\/wp-content\/uploads\/2024\/03\/SHAIDA-MARTINEZ-BUSCARA-ALCALDIA-DE-MINERAL-POR-EL-PAN-FACEBOOK-SHAIDA-MARTINEZ-LOZADA.jpg\" alt=\"\" class=\"wp-image-301584\"\/><\/figure>\n\n\n\n<p>Foto: Facebook Shaida Martinez Lozada<\/p>\n\n\n\n<p><strong>PACHUCA, VA JORGE REYES HERN\u00c1NDEZ POR MORENA; BENJAM\u00cdN RICO, POR EL PRI-PAN-PRD.<\/strong> \u2013 Ya es definitivo y no hay vuelta atr\u00e1s. Finalmente, el ahora subsecretario de Infraestructura, <strong>Jorge Reyes Hern\u00e1ndez, ser\u00e1 el candidato de Morena a la presidencia municipal de Pachuca, y Benjam\u00edn Rico, por la alianza PRI-PAN-PRD<\/strong>. Y pues no, no hay sorpresas, porque ambas nominaciones estaban m\u00e1s que cantadas. Es as\u00ed que la apuesta morenista es por un a\u00fan joven Jorge Reyes, con 38 a\u00f1os de edad, y que representa una nueva generaci\u00f3n de pol\u00edticos, muy cercanos al gobernador Menchaca. En tanto que Benjam\u00edn Rico, ya en los 60 y tantos, representa sin duda a un pri\u00edsmo de a pie, que lo conocen todos los barrios altos de Pachuca, pero tambi\u00e9n en nuevas colonias. Ser\u00e1 pues una competencia interesante. Por el bien de todos los que vivimos en la capital hidalguense: que gane el mejor.<\/p>\n\n\n\n<figure class=\"wp-block-image size-full\"><img loading=\"lazy\" decoding=\"async\" width=\"1600\" height=\"1066\" src=\"https:\/\/plazajuarez.mx\/historico\/historico\/wp-content\/uploads\/2024\/03\/PACHUCA-VA-JORGE-REYES-HERNANDEZ-POR-MORENA-DPJ.jpg\" alt=\"\" class=\"wp-image-301585\" srcset=\"https:\/\/plazajuarez.mx\/historico\/wp-content\/uploads\/2024\/03\/PACHUCA-VA-JORGE-REYES-HERNANDEZ-POR-MORENA-DPJ.jpg 1600w, https:\/\/plazajuarez.mx\/historico\/wp-content\/uploads\/2024\/03\/PACHUCA-VA-JORGE-REYES-HERNANDEZ-POR-MORENA-DPJ-768x512.jpg 768w, https:\/\/plazajuarez.mx\/historico\/wp-content\/uploads\/2024\/03\/PACHUCA-VA-JORGE-REYES-HERNANDEZ-POR-MORENA-DPJ-1536x1023.jpg 1536w, https:\/\/plazajuarez.mx\/historico\/wp-content\/uploads\/2024\/03\/PACHUCA-VA-JORGE-REYES-HERNANDEZ-POR-MORENA-DPJ-274x183.jpg 274w, https:\/\/plazajuarez.mx\/historico\/wp-content\/uploads\/2024\/03\/PACHUCA-VA-JORGE-REYES-HERNANDEZ-POR-MORENA-DPJ-80x54.jpg 80w, https:\/\/plazajuarez.mx\/historico\/wp-content\/uploads\/2024\/03\/PACHUCA-VA-JORGE-REYES-HERNANDEZ-POR-MORENA-DPJ-130x87.jpg 130w, https:\/\/plazajuarez.mx\/historico\/wp-content\/uploads\/2024\/03\/PACHUCA-VA-JORGE-REYES-HERNANDEZ-POR-MORENA-DPJ-359x240.jpg 359w, https:\/\/plazajuarez.mx\/historico\/wp-content\/uploads\/2024\/03\/PACHUCA-VA-JORGE-REYES-HERNANDEZ-POR-MORENA-DPJ-85x57.jpg 85w, https:\/\/plazajuarez.mx\/historico\/wp-content\/uploads\/2024\/03\/PACHUCA-VA-JORGE-REYES-HERNANDEZ-POR-MORENA-DPJ-546x365.jpg 546w, https:\/\/plazajuarez.mx\/historico\/wp-content\/uploads\/2024\/03\/PACHUCA-VA-JORGE-REYES-HERNANDEZ-POR-MORENA-DPJ-165x109.jpg 165w, https:\/\/plazajuarez.mx\/historico\/wp-content\/uploads\/2024\/03\/PACHUCA-VA-JORGE-REYES-HERNANDEZ-POR-MORENA-DPJ-112x75.jpg 112w, https:\/\/plazajuarez.mx\/historico\/wp-content\/uploads\/2024\/03\/PACHUCA-VA-JORGE-REYES-HERNANDEZ-POR-MORENA-DPJ-179x120.jpg 179w, https:\/\/plazajuarez.mx\/historico\/wp-content\/uploads\/2024\/03\/PACHUCA-VA-JORGE-REYES-HERNANDEZ-POR-MORENA-DPJ-170x113.jpg 170w, https:\/\/plazajuarez.mx\/historico\/wp-content\/uploads\/2024\/03\/PACHUCA-VA-JORGE-REYES-HERNANDEZ-POR-MORENA-DPJ-81x55.jpg 81w, https:\/\/plazajuarez.mx\/historico\/wp-content\/uploads\/2024\/03\/PACHUCA-VA-JORGE-REYES-HERNANDEZ-POR-MORENA-DPJ-765x510.jpg 765w\" sizes=\"auto, (max-width: 1600px) 100vw, 1600px\" \/><\/figure>\n\n\n\n<p>Foto: Diario Plaza Ju\u00e0rez<\/p>\n\n\n\n<p><strong>Aviso para que no digan: Esta columna se nutre de comentarios recabados por agencias del Recontra-Espionaje, muy similares a las que populariz\u00f3 el \u201cS\u00faper Agente 86\u201d en sus tiempos. Como tal lo que publicamos puede que sea cierto, puede que no, o todo lo contrario. Est\u00e1 usted en libertad de creer o no lo que lee, recontra-enojarse, recontra- carcajearse y hasta recontra-recordarnos a nuestra jefecita (nosotros recontra-haremos lo propio). Avisado est\u00e1 usted.<\/strong><\/p>\n\n\n\n<p><strong>Correo: desexenterado@gmail.com&nbsp;&nbsp;<\/strong><\/p>\n\n\n\n<p><strong>X: @desexenterado<\/strong><\/p>\n","protected":false},"excerpt":{"rendered":"<p>CASI AMARRADA INVERSI\u00d3N DE ARMADORA DE AUTOS EL\u00c9CTRICOS. \u2013 Hay espacio suficiente, para que Hidalgo se quede no solo con la planta armadora de autos chinos BYD (Build Your Dreams), sino de otra a\u00fan m\u00e1s importante. Los \u00faltimos detalles se afinan, y podr\u00edamos estar ante dos de las inversiones m\u00e1s grandes en la industria automotriz, [&hellip;]<\/p>\n","protected":false},"author":93,"featured_media":297918,"comment_status":"closed","ping_status":"closed","sticky":false,"template":"","format":"standard","meta":{"footnotes":""},"categories":[83],"tags":[],"class_list":["post-301578","post","type-post","status-publish","format-standard","has-post-thumbnail","hentry","category-dese-por-enterado"],"_links":{"self":[{"href":"https:\/\/plazajuarez.mx\/historico\/wp-json\/wp\/v2\/posts\/301578","targetHints":{"allow":["GET"]}}],"collection":[{"href":"https:\/\/plazajuarez.mx\/historico\/wp-json\/wp\/v2\/posts"}],"about":[{"href":"https:\/\/plazajuarez.mx\/historico\/wp-json\/wp\/v2\/types\/post"}],"author":[{"embeddable":true,"href":"https:\/\/plazajuarez.mx\/historico\/wp-json\/wp\/v2\/users\/93"}],"replies":[{"embeddable":true,"href":"https:\/\/plazajuarez.mx\/historico\/wp-json\/wp\/v2\/comments?post=301578"}],"version-history":[{"count":0,"href":"https:\/\/plazajuarez.mx\/historico\/wp-json\/wp\/v2\/posts\/301578\/revisions"}],"wp:featuredmedia":[{"embeddable":true,"href":"https:\/\/plazajuarez.mx\/historico\/wp-json\/wp\/v2\/media\/297918"}],"wp:attachment":[{"href":"https:\/\/plazajuarez.mx\/historico\/wp-json\/wp\/v2\/media?parent=301578"}],"wp:term":[{"taxonomy":"category","embeddable":true,"href":"https:\/\/plazajuarez.mx\/historico\/wp-json\/wp\/v2\/categories?post=301578"},{"taxonomy":"post_tag","embeddable":true,"href":"https:\/\/plazajuarez.mx\/historico\/wp-json\/wp\/v2\/tags?post=301578"}],"curies":[{"name":"wp","href":"https:\/\/api.w.org\/{rel}","templated":true}]}}