{"id":301570,"date":"2024-03-13T00:22:12","date_gmt":"2024-03-13T06:22:12","guid":{"rendered":"https:\/\/plazajuarez.mx\/?p=301570"},"modified":"2024-03-13T00:22:16","modified_gmt":"2024-03-13T06:22:16","slug":"el-arenal-alista-su-fiesta-patronal-2024","status":"publish","type":"post","link":"https:\/\/plazajuarez.mx\/historico\/el-arenal-alista-su-fiesta-patronal-2024\/","title":{"rendered":"\u00a0El Arenal alista su fiesta patronal 2024"},"content":{"rendered":"\n<p>El municipio de El Arenal prepara una nueva edici\u00f3n de su fiesta patronal en honor al Se\u00f1or de las Maravillas. Este evento, que atrae a un mill\u00f3n y medio de visitantes, entre la feria y la Semana Mayor, se llevar\u00e1 a cabo del 14 al 18 de marzo.<\/p>\n\n\n\n<p>La directora de Turismo municipal destac\u00f3 la importancia hist\u00f3rica de la Feria del Quinto Viernes, pues cuenta con m\u00e1s de 100 a\u00f1os de antig\u00fcedad y es considerada una de las m\u00e1s representativas del estado.&nbsp;<\/p>\n\n\n\n<p>Miles de peregrinos de distintas partes del pa\u00eds llegar\u00e1n a El Arenal con ofrendas y flores para vivir esta gran tradici\u00f3n municipal. En ese sentido, la directora indic\u00f3 que, adem\u00e1s de contar con varios atractivos, &#8220;El Arenal se distingue por el turismo religioso, recibiendo incluso turistas de otros pa\u00edses\u201d.<\/p>\n\n\n\n<p>Esta fiesta, reconocida por ser un evento familiar por excelencia, promete cinco d\u00edas de diversi\u00f3n y entretenimiento para todos los asistentes, desde m\u00fasica en vivo hasta actividades culturales, as\u00ed como juegos mec\u00e1nicos y los m\u00e1s de tres mil emprendimientos que se dar\u00e1n cita en la plaza municipal.&nbsp;<\/p>\n\n\n\n<p>Otro de los aspectos relevantes ser\u00e1 la participaci\u00f3n de diversos artistas en el escenario, quienes pondr\u00e1n a bailar a locales y visitantes por igual. Adem\u00e1s de las festividades, las y los asistentes podr\u00e1n deleitarse con la gastronom\u00eda t\u00edpica de la regi\u00f3n, que incluye platillos como barbacoa, ximbo, escamoles y dulces tradicionales.<\/p>\n","protected":false},"excerpt":{"rendered":"<p>El municipio de El Arenal prepara una nueva edici\u00f3n de su fiesta patronal en honor al Se\u00f1or de las Maravillas. Este evento, que atrae a un mill\u00f3n y medio de visitantes, entre la feria y la Semana Mayor, se llevar\u00e1 a cabo del 14 al 18 de marzo. La directora de Turismo municipal destac\u00f3 la [&hellip;]<\/p>\n","protected":false},"author":93,"featured_media":301573,"comment_status":"closed","ping_status":"closed","sticky":false,"template":"","format":"standard","meta":{"footnotes":""},"categories":[59],"tags":[],"class_list":["post-301570","post","type-post","status-publish","format-standard","has-post-thumbnail","hentry","category-general"],"_links":{"self":[{"href":"https:\/\/plazajuarez.mx\/historico\/wp-json\/wp\/v2\/posts\/301570","targetHints":{"allow":["GET"]}}],"collection":[{"href":"https:\/\/plazajuarez.mx\/historico\/wp-json\/wp\/v2\/posts"}],"about":[{"href":"https:\/\/plazajuarez.mx\/historico\/wp-json\/wp\/v2\/types\/post"}],"author":[{"embeddable":true,"href":"https:\/\/plazajuarez.mx\/historico\/wp-json\/wp\/v2\/users\/93"}],"replies":[{"embeddable":true,"href":"https:\/\/plazajuarez.mx\/historico\/wp-json\/wp\/v2\/comments?post=301570"}],"version-history":[{"count":0,"href":"https:\/\/plazajuarez.mx\/historico\/wp-json\/wp\/v2\/posts\/301570\/revisions"}],"wp:featuredmedia":[{"embeddable":true,"href":"https:\/\/plazajuarez.mx\/historico\/wp-json\/wp\/v2\/media\/301573"}],"wp:attachment":[{"href":"https:\/\/plazajuarez.mx\/historico\/wp-json\/wp\/v2\/media?parent=301570"}],"wp:term":[{"taxonomy":"category","embeddable":true,"href":"https:\/\/plazajuarez.mx\/historico\/wp-json\/wp\/v2\/categories?post=301570"},{"taxonomy":"post_tag","embeddable":true,"href":"https:\/\/plazajuarez.mx\/historico\/wp-json\/wp\/v2\/tags?post=301570"}],"curies":[{"name":"wp","href":"https:\/\/api.w.org\/{rel}","templated":true}]}}