{"id":301540,"date":"2024-03-13T04:00:00","date_gmt":"2024-03-13T10:00:00","guid":{"rendered":"https:\/\/plazajuarez.mx\/?p=301540"},"modified":"2024-03-12T23:32:32","modified_gmt":"2024-03-13T05:32:32","slug":"depeche-mode-esta-de-regreso-en-madrid","status":"publish","type":"post","link":"https:\/\/plazajuarez.mx\/historico\/depeche-mode-esta-de-regreso-en-madrid\/","title":{"rendered":"Depeche Mode est\u00e1 de regreso en Madrid"},"content":{"rendered":"\n<p>Ni alcanzado el a\u00f1o de su \u00faltima visita, entonces en el marco del festival Primavera Sound, Depeche Mode ha regresado a Madrid para ofrecer en el tramo invernal de su gira un concierto que ha quedado para la memoria, con taconeo flamenco incluido, y que ha constatado que el grupo est\u00e1 muy vivo.<\/p>\n\n\n\n<p>M\u00e1s de 15 mil personas, el aforo \u00edntegro del Wizink Center, lo han constatado ante el ahora d\u00fao conformado por Dave Gahan y Martin Gore, desde la muerte inesperada en 2022 de su compa\u00f1ero Andrew Fletcher, al que est\u00e1 dedicado en buena medida el \u00e1lbum que da nombre al &#8220;tour&#8221;, &#8216;Memento Mori&#8217; (2023).<\/p>\n\n\n\n<p>De \u00e9l sonaron cuatro cortes en las m\u00e1s de dos horas de concierto y casi dos docenas de canciones de un repertorio que les ha permitido visitar asimismo muchos de sus 15 discos de estudio desde &#8216;Speak &amp; Spell&#8217; (1981), el que conten\u00eda &#8216;Just Can&#8217;t Get Enough&#8217;, especialmente &#8216;Music for the Masses&#8217; (1987) y &#8216;Violator&#8217; (1990).<\/p>\n\n\n\n<p>Tras esta parada en Madrid, que se repetir\u00e1 el jueves 14 de marzo, Depeche Mode atracar\u00e1 en el Palau Sant Jordi de Barcelona el d\u00eda 16 y en el BEC! de Bilbao el 21 de este mismo mes.<\/p>\n","protected":false},"excerpt":{"rendered":"<p>Ni alcanzado el a\u00f1o de su \u00faltima visita, entonces en el marco del festival Primavera Sound, Depeche Mode ha regresado a Madrid para ofrecer en el tramo invernal de su gira un concierto que ha quedado para la memoria, con taconeo flamenco incluido, y que ha constatado que el grupo est\u00e1 muy vivo. M\u00e1s de [&hellip;]<\/p>\n","protected":false},"author":80,"featured_media":301541,"comment_status":"closed","ping_status":"closed","sticky":false,"template":"","format":"standard","meta":{"footnotes":""},"categories":[38],"tags":[],"class_list":["post-301540","post","type-post","status-publish","format-standard","has-post-thumbnail","hentry","category-show"],"_links":{"self":[{"href":"https:\/\/plazajuarez.mx\/historico\/wp-json\/wp\/v2\/posts\/301540","targetHints":{"allow":["GET"]}}],"collection":[{"href":"https:\/\/plazajuarez.mx\/historico\/wp-json\/wp\/v2\/posts"}],"about":[{"href":"https:\/\/plazajuarez.mx\/historico\/wp-json\/wp\/v2\/types\/post"}],"author":[{"embeddable":true,"href":"https:\/\/plazajuarez.mx\/historico\/wp-json\/wp\/v2\/users\/80"}],"replies":[{"embeddable":true,"href":"https:\/\/plazajuarez.mx\/historico\/wp-json\/wp\/v2\/comments?post=301540"}],"version-history":[{"count":0,"href":"https:\/\/plazajuarez.mx\/historico\/wp-json\/wp\/v2\/posts\/301540\/revisions"}],"wp:featuredmedia":[{"embeddable":true,"href":"https:\/\/plazajuarez.mx\/historico\/wp-json\/wp\/v2\/media\/301541"}],"wp:attachment":[{"href":"https:\/\/plazajuarez.mx\/historico\/wp-json\/wp\/v2\/media?parent=301540"}],"wp:term":[{"taxonomy":"category","embeddable":true,"href":"https:\/\/plazajuarez.mx\/historico\/wp-json\/wp\/v2\/categories?post=301540"},{"taxonomy":"post_tag","embeddable":true,"href":"https:\/\/plazajuarez.mx\/historico\/wp-json\/wp\/v2\/tags?post=301540"}],"curies":[{"name":"wp","href":"https:\/\/api.w.org\/{rel}","templated":true}]}}