{"id":301531,"date":"2024-03-13T04:00:00","date_gmt":"2024-03-13T10:00:00","guid":{"rendered":"https:\/\/plazajuarez.mx\/?p=301531"},"modified":"2024-03-12T23:28:53","modified_gmt":"2024-03-13T05:28:53","slug":"dos-retratos-infantiles-pintados-por-diego-rivera-emergen-en-nueva-york-despues-de-decadas","status":"publish","type":"post","link":"https:\/\/plazajuarez.mx\/historico\/dos-retratos-infantiles-pintados-por-diego-rivera-emergen-en-nueva-york-despues-de-decadas\/","title":{"rendered":"Dos retratos infantiles pintados por Diego Rivera emergen en Nueva York despu\u00e9s de d\u00e9cadas"},"content":{"rendered":"\n<p>Dos retratos infantiles firmados por el renombrado pintor mexicano Diego Rivera (1886-1957) y que evocan el complejo periodo posterior a la Revoluci\u00f3n en su pa\u00eds est\u00e1n a la vista hasta el 5 de abril en la galer\u00eda Schoelkopf de Nueva York despu\u00e9s de pasar d\u00e9cadas en manos privadas.<\/p>\n\n\n\n<p>Se trata de \u2018Ni\u00f1o\u2019 y \u2018Ni\u00f1a sentada con rebozo\u2019, ambos de 1929, que formaron parte de la exposici\u00f3n de 1931 que el Museo de Arte Moderno de Nueva York (MoMA) dedic\u00f3 al modernista mexicano y tambi\u00e9n se incluyeron en su gran retrospectiva en el Palacio de Bellas Artes de Ciudad de M\u00e9xico, en 1949.<\/p>\n\n\n\n<p>En los cuadros, Rivera atrae la atenci\u00f3n hacia el gesto triste de los ni\u00f1os de ojos grandes y piel oscura que posan en entornos r\u00fasticos: el primero, sobre una s\u00e1bana y con turbante rosa, se lleva la mano a la boca, y la segunda, sobre una alfombra, mira fijamente con las comisuras de los labios hacia abajo.<\/p>\n\n\n\n<p>Seg\u00fan explic\u00f3 la directora de la galer\u00eda, Alana Ricca, las obras fueron adquiridas a principios de la d\u00e9cada de 1930 por los galeristas Erhart Weyhe y Carl Zigrosser, que llevaban la prominente galer\u00eda Weyhe de Nueva York, dado el &#8220;gran inter\u00e9s&#8221; que hab\u00eda en la \u00e9poca por el modernismo mexicano.<\/p>\n\n\n\n<p>El experto en arte James Oles, autor del texto de la exposici\u00f3n en la Schoelkopf, se\u00f1ala que los ni\u00f1os son de familias obreras e ind\u00edgenas y que &#8220;representan a los futuros beneficiarios de la Revoluci\u00f3n&#8221; con una &#8220;solemnidad que quiz\u00e1s subraya la dificultad de la vida trabajadora en la que han nacido&#8221;.<\/p>\n\n\n\n<p>&#8220;Para Rivera, estos ni\u00f1os vinculan el pasado distante de M\u00e9xico con su futuro proletario&#8221;, se\u00f1ala, recordando que el muralista realiz\u00f3 en total unos 70 cuadros de ni\u00f1os mexicanos, solos, en pares, con sus madres o con familiares ancianas, y que tuvieron &#8220;gran demanda&#8221; en el mercado.<\/p>\n","protected":false},"excerpt":{"rendered":"<p>Dos retratos infantiles firmados por el renombrado pintor mexicano Diego Rivera (1886-1957) y que evocan el complejo periodo posterior a la Revoluci\u00f3n en su pa\u00eds est\u00e1n a la vista hasta el 5 de abril en la galer\u00eda Schoelkopf de Nueva York despu\u00e9s de pasar d\u00e9cadas en manos privadas. Se trata de \u2018Ni\u00f1o\u2019 y \u2018Ni\u00f1a sentada [&hellip;]<\/p>\n","protected":false},"author":80,"featured_media":301532,"comment_status":"closed","ping_status":"closed","sticky":false,"template":"","format":"standard","meta":{"footnotes":""},"categories":[41],"tags":[],"class_list":["post-301531","post","type-post","status-publish","format-standard","has-post-thumbnail","hentry","category-arteria-cultural"],"_links":{"self":[{"href":"https:\/\/plazajuarez.mx\/historico\/wp-json\/wp\/v2\/posts\/301531","targetHints":{"allow":["GET"]}}],"collection":[{"href":"https:\/\/plazajuarez.mx\/historico\/wp-json\/wp\/v2\/posts"}],"about":[{"href":"https:\/\/plazajuarez.mx\/historico\/wp-json\/wp\/v2\/types\/post"}],"author":[{"embeddable":true,"href":"https:\/\/plazajuarez.mx\/historico\/wp-json\/wp\/v2\/users\/80"}],"replies":[{"embeddable":true,"href":"https:\/\/plazajuarez.mx\/historico\/wp-json\/wp\/v2\/comments?post=301531"}],"version-history":[{"count":0,"href":"https:\/\/plazajuarez.mx\/historico\/wp-json\/wp\/v2\/posts\/301531\/revisions"}],"wp:featuredmedia":[{"embeddable":true,"href":"https:\/\/plazajuarez.mx\/historico\/wp-json\/wp\/v2\/media\/301532"}],"wp:attachment":[{"href":"https:\/\/plazajuarez.mx\/historico\/wp-json\/wp\/v2\/media?parent=301531"}],"wp:term":[{"taxonomy":"category","embeddable":true,"href":"https:\/\/plazajuarez.mx\/historico\/wp-json\/wp\/v2\/categories?post=301531"},{"taxonomy":"post_tag","embeddable":true,"href":"https:\/\/plazajuarez.mx\/historico\/wp-json\/wp\/v2\/tags?post=301531"}],"curies":[{"name":"wp","href":"https:\/\/api.w.org\/{rel}","templated":true}]}}