{"id":301403,"date":"2024-03-12T04:00:00","date_gmt":"2024-03-12T10:00:00","guid":{"rendered":"https:\/\/plazajuarez.mx\/?p=301403"},"modified":"2024-03-11T23:43:48","modified_gmt":"2024-03-12T05:43:48","slug":"el-artista-brasileno-vik-muniz-dona-su-ultima-creacion-fotografica-a-un-museo-espanol","status":"publish","type":"post","link":"https:\/\/plazajuarez.mx\/historico\/el-artista-brasileno-vik-muniz-dona-su-ultima-creacion-fotografica-a-un-museo-espanol\/","title":{"rendered":"El artista brasile\u00f1o Vik Muniz dona su \u00faltima creaci\u00f3n fotogr\u00e1fica a un museo espa\u00f1ol"},"content":{"rendered":"\n<p>El artista brasile\u00f1o Vik Muniz ha donado al Museo Universidad de Navarra (MUN), con el que mantiene relaci\u00f3n desde 2018, las 90 fotograf\u00edas (70 en color y 20 en blanco y negro) que forman su \u00faltimo trabajo, &#8216;Flora Industrialis 2023&#8217;.<\/p>\n\n\n\n<p>La producci\u00f3n ha contado con el apoyo de Gabriela Willson Cisneros, Ernesto Fern\u00e1ndez Holmann y Marta Regina Fischer Fern\u00e1ndez, miembros del Patronato de este museo universitario, situado en la ciudad espa\u00f1ola de Pamplona (norte), seg\u00fan informa la propia entidad en un comunicado.<\/p>\n\n\n\n<p>La exposici\u00f3n ha sido visitada ya por m\u00e1s de 10.000 personas y puede verse hasta el 10 de marzo.<\/p>\n\n\n\n<p>Junto al deseo del artista de conservar su obra en el MUN, Muniz anima a que sea una creaci\u00f3n itinerante, por lo que quiz\u00e1 pueda visitarse, en un futuro, en otros centros de arte espa\u00f1oles o internacionales.<\/p>\n\n\n\n<p>Inspirado en los grabados y dibujos de los \u00e1lbumes de flora latinoamericana del siglo XIX de la Colecci\u00f3n Museo Universidad de Navarra, &#8216;Flora Industrialis 2023&#8217; aborda la compleja relaci\u00f3n entre ciencia y arte desde sus divergentes estrategias a la hora de aproximarse a la realidad.<\/p>\n\n\n\n<p>Desde la \u00e9poca de la Ilustraci\u00f3n, los inquietos exploradores llevaban consigo a dibujantes y cient\u00edficos que iban registrando con paciencia y esmero los hallazgos de cada viaje, explica el museo.<\/p>\n\n\n\n<p>Y son los cuadernos de dibujos y los vol\u00famenes de expediciones los que sirven a Muniz de inspiraci\u00f3n para la creaci\u00f3n de una nueva flora.<\/p>\n\n\n\n<p>&#8216;Flora Industrialis 2023&#8217; cuestiona la aproximaci\u00f3n a la realidad en un mundo tecnificado y ultrarrepresentado. Siguiendo su proceso creativo y la constante innovaci\u00f3n en la utilizaci\u00f3n de materiales, Muniz convierte un pu\u00f1ado de flores artificiales en &#8220;un delicado cat\u00e1logo bot\u00e1nico fruto de su invenci\u00f3n, plasmado en fotograf\u00edas de bell\u00edsima factura.<\/p>\n","protected":false},"excerpt":{"rendered":"<p>El artista brasile\u00f1o Vik Muniz ha donado al Museo Universidad de Navarra (MUN), con el que mantiene relaci\u00f3n desde 2018, las 90 fotograf\u00edas (70 en color y 20 en blanco y negro) que forman su \u00faltimo trabajo, &#8216;Flora Industrialis 2023&#8217;. La producci\u00f3n ha contado con el apoyo de Gabriela Willson Cisneros, Ernesto Fern\u00e1ndez Holmann y [&hellip;]<\/p>\n","protected":false},"author":80,"featured_media":301404,"comment_status":"closed","ping_status":"closed","sticky":false,"template":"","format":"standard","meta":{"footnotes":""},"categories":[41],"tags":[],"class_list":["post-301403","post","type-post","status-publish","format-standard","has-post-thumbnail","hentry","category-arteria-cultural"],"_links":{"self":[{"href":"https:\/\/plazajuarez.mx\/historico\/wp-json\/wp\/v2\/posts\/301403","targetHints":{"allow":["GET"]}}],"collection":[{"href":"https:\/\/plazajuarez.mx\/historico\/wp-json\/wp\/v2\/posts"}],"about":[{"href":"https:\/\/plazajuarez.mx\/historico\/wp-json\/wp\/v2\/types\/post"}],"author":[{"embeddable":true,"href":"https:\/\/plazajuarez.mx\/historico\/wp-json\/wp\/v2\/users\/80"}],"replies":[{"embeddable":true,"href":"https:\/\/plazajuarez.mx\/historico\/wp-json\/wp\/v2\/comments?post=301403"}],"version-history":[{"count":0,"href":"https:\/\/plazajuarez.mx\/historico\/wp-json\/wp\/v2\/posts\/301403\/revisions"}],"wp:featuredmedia":[{"embeddable":true,"href":"https:\/\/plazajuarez.mx\/historico\/wp-json\/wp\/v2\/media\/301404"}],"wp:attachment":[{"href":"https:\/\/plazajuarez.mx\/historico\/wp-json\/wp\/v2\/media?parent=301403"}],"wp:term":[{"taxonomy":"category","embeddable":true,"href":"https:\/\/plazajuarez.mx\/historico\/wp-json\/wp\/v2\/categories?post=301403"},{"taxonomy":"post_tag","embeddable":true,"href":"https:\/\/plazajuarez.mx\/historico\/wp-json\/wp\/v2\/tags?post=301403"}],"curies":[{"name":"wp","href":"https:\/\/api.w.org\/{rel}","templated":true}]}}