{"id":301100,"date":"2024-03-08T07:34:19","date_gmt":"2024-03-08T13:34:19","guid":{"rendered":"https:\/\/plazajuarez.mx\/?p=301100"},"modified":"2024-03-08T07:34:22","modified_gmt":"2024-03-08T13:34:22","slug":"dese-por-enterado-1262","status":"publish","type":"post","link":"https:\/\/plazajuarez.mx\/historico\/dese-por-enterado-1262\/","title":{"rendered":"DESE POR ENTERADO"},"content":{"rendered":"\n<p><strong>Y PUES S\u00cd, TAL CUAL LO DIJIMOS: ISRAEL PIDI\u00d3 LICENCIA<\/strong>. &#8211; El pasado d\u00eda 6 del presente mes, publicamos que el ahora ex alcalde de Mineral de la Reforma, <strong>Israel F\u00e9lix Soto<\/strong>, hab\u00eda solicitado licencia por tiempo indefinido ante el Congreso del Estado de Hidalgo. En estos tiempos que ya nadie toma en serio el cargo para que pidieron votaran por ellos, a nadie cay\u00f3 extra\u00f1a la noticia, porque era evidente que fue edil mineralense, en tanto se presentaba una nueva oportunidad para escalar en su carrera pol\u00edtica. Todav\u00eda no se sabe qu\u00e9 partido pol\u00edtico abrir\u00e1 sus puertas al segundo ex funcionario m\u00e1s poderoso en la administraci\u00f3n del <strong>ex gobernador Fayad, pero es evidente que en estos tiempos ya nadie duda de la aseveraci\u00f3n de Carlos Hank Gonz\u00e1lez, en el sentido de que \u201cun pol\u00edtico pobre, es un pobre pol\u00edtico\u201d, los que no lo son ya se ven como legisladores federales,vcomo m\u00ednimo.<\/strong><\/p>\n\n\n\n<figure class=\"wp-block-image size-full\"><img loading=\"lazy\" decoding=\"async\" width=\"1365\" height=\"2048\" src=\"https:\/\/plazajuarez.mx\/historico\/historico\/wp-content\/uploads\/2024\/03\/Y-PUES-SI-TAL-CUAL-LO-DIJIMOS_-ISRAEL-PIDIO-LICENCIA.-Facebook-Israel-Felix-Soto-.jpg\" alt=\"\" class=\"wp-image-301101\" srcset=\"https:\/\/plazajuarez.mx\/historico\/wp-content\/uploads\/2024\/03\/Y-PUES-SI-TAL-CUAL-LO-DIJIMOS_-ISRAEL-PIDIO-LICENCIA.-Facebook-Israel-Felix-Soto-.jpg 1365w, https:\/\/plazajuarez.mx\/historico\/wp-content\/uploads\/2024\/03\/Y-PUES-SI-TAL-CUAL-LO-DIJIMOS_-ISRAEL-PIDIO-LICENCIA.-Facebook-Israel-Felix-Soto--768x1152.jpg 768w, https:\/\/plazajuarez.mx\/historico\/wp-content\/uploads\/2024\/03\/Y-PUES-SI-TAL-CUAL-LO-DIJIMOS_-ISRAEL-PIDIO-LICENCIA.-Facebook-Israel-Felix-Soto--1024x1536.jpg 1024w\" sizes=\"auto, (max-width: 1365px) 100vw, 1365px\" \/><\/figure>\n\n\n\n<p><strong>  <\/strong>Foto: Facebook Isarel F\u00e9lix Soto <\/p>\n\n\n\n<p><strong>SE VAN FUNCIONARIOS, CONFIRMADA LA SALIDA DE TANIA MEZA<\/strong>. \u2013 Desde secretarios, subsecretarios, hasta directores generales, ya presentaron su renuncia al gobierno de <strong>Julio Menchaca Salazar<\/strong>. Destaca la solicitud con car\u00e1cter de irrevocable, que por lo mismo ya fue aprobada, de la ahora ex titular de la Secretar\u00eda de Cultura, <strong>Tania Meza Escorza<\/strong>, quien a ciencia cierta nadie sabe si lo hizo para buscar ser candidata a presidenta municipal der Pachuca, o a una diputaci\u00f3n local. Francamente nadie sabe. <strong>Jorge Reyes<\/strong>, subsecretario de Infraestructura, acompa\u00f1\u00f3 al mandatario estatal a pagar una apuesta en el mercado Primero de Mayo. <strong>Reyes<\/strong> se perfila como seguro candidato de Morena a la presidencia municipal de la capital hidalguense, pero por ning\u00fan motivo debemos perder de vista a <strong>Tonatiuh Herrera Guti\u00e9rrez<\/strong>, que de ning\u00fan modo ha perdido la posibilidad de ser, al final del d\u00eda, el abanderado morenista.<\/p>\n\n\n\n<figure class=\"wp-block-image size-full\"><img loading=\"lazy\" decoding=\"async\" width=\"1401\" height=\"1401\" src=\"https:\/\/plazajuarez.mx\/historico\/historico\/wp-content\/uploads\/2024\/03\/SE-VAN-FUNCIONARIOS-CONFIRMADA-LA-SALIDA-DE-TANIA-MEZA-DIARIO-PLAZA-JUAREZ.jpeg\" alt=\"\" class=\"wp-image-301102\" srcset=\"https:\/\/plazajuarez.mx\/historico\/wp-content\/uploads\/2024\/03\/SE-VAN-FUNCIONARIOS-CONFIRMADA-LA-SALIDA-DE-TANIA-MEZA-DIARIO-PLAZA-JUAREZ.jpeg 1401w, https:\/\/plazajuarez.mx\/historico\/wp-content\/uploads\/2024\/03\/SE-VAN-FUNCIONARIOS-CONFIRMADA-LA-SALIDA-DE-TANIA-MEZA-DIARIO-PLAZA-JUAREZ-768x768.jpeg 768w, https:\/\/plazajuarez.mx\/historico\/wp-content\/uploads\/2024\/03\/SE-VAN-FUNCIONARIOS-CONFIRMADA-LA-SALIDA-DE-TANIA-MEZA-DIARIO-PLAZA-JUAREZ-36x36.jpeg 36w\" sizes=\"auto, (max-width: 1401px) 100vw, 1401px\" \/><\/figure>\n\n\n\n<p>Foto: Diario Plaza Ju\u00e1rez<\/p>\n\n\n\n<p><strong>Y PUES NO, NO HABR\u00c1 CANDIDATOS DE UNIDAD EN MORENA A LAS ALCALD\u00cdAS<\/strong>. \u2013 Hay tantos suspirantes a la nominaci\u00f3n de Morena a las alcald\u00edas, que de plano no hubo acuerdo, por lo que ser\u00e1 a trav\u00e9s de encuestas como se defina a los candidatos y candidatas. Por m\u00e1s que les pidieron se pusieran de acuerdo, la respuesta un\u00e1nime fue: \u201cno, no y no\u201d. Y pues no. Luego entonces a m\u00e1s tardar el d\u00eda 21 del presente mes, se conocer\u00e1 el resultado de las dichosas encuestas, lo que a muchos que no conoce ni su abuelita, ya les complic\u00f3 la vida.<\/p>\n\n\n\n<figure class=\"wp-block-image size-full\"><img loading=\"lazy\" decoding=\"async\" width=\"1289\" height=\"694\" src=\"https:\/\/plazajuarez.mx\/historico\/historico\/wp-content\/uploads\/2024\/03\/Y-PUES-NO-NO-HABRA-CANDIDATOS-DE-UNIDAD-EN-MORENA-A-LAS-ALCALDIAS-Facebook-Morena-Hidalgo.jpeg\" alt=\"\" class=\"wp-image-301103\" srcset=\"https:\/\/plazajuarez.mx\/historico\/wp-content\/uploads\/2024\/03\/Y-PUES-NO-NO-HABRA-CANDIDATOS-DE-UNIDAD-EN-MORENA-A-LAS-ALCALDIAS-Facebook-Morena-Hidalgo.jpeg 1289w, https:\/\/plazajuarez.mx\/historico\/wp-content\/uploads\/2024\/03\/Y-PUES-NO-NO-HABRA-CANDIDATOS-DE-UNIDAD-EN-MORENA-A-LAS-ALCALDIAS-Facebook-Morena-Hidalgo-768x413.jpeg 768w\" sizes=\"auto, (max-width: 1289px) 100vw, 1289px\" \/><\/figure>\n\n\n\n<p>Foto: Facebook Morena Hidalgo<\/p>\n\n\n\n<p><strong>EL REGRESO DE JOS\u00c9 ANTONIO ROJO.<\/strong> \u2013 Sin duda uno de los pol\u00edticos m\u00e1s experimentados, leal al Revolucionario Institucional, <strong>Jos\u00e9 Antonio Rojo Garc\u00eda de Alba<\/strong>, de plano fue llamado para hacerse cargo de las campa\u00f1as de los candidatos de su partido. Se trata de un pol\u00edtico con profunda presencia en lo que a\u00fan queda de la base tricolor, y que no pocos lo aceptan como un personaje no ligado totalmente a los que hoy tienen en sus manos el PRI. A ver qu\u00e9 pasa.<\/p>\n\n\n\n<figure class=\"wp-block-image size-full\"><img loading=\"lazy\" decoding=\"async\" width=\"1772\" height=\"1855\" src=\"https:\/\/plazajuarez.mx\/historico\/historico\/wp-content\/uploads\/2024\/03\/EL-REGRESO-DE-JOSE-ANTONIO-ROJO-Cortesia-.jpg\" alt=\"\" class=\"wp-image-301104\" srcset=\"https:\/\/plazajuarez.mx\/historico\/wp-content\/uploads\/2024\/03\/EL-REGRESO-DE-JOSE-ANTONIO-ROJO-Cortesia-.jpg 1772w, https:\/\/plazajuarez.mx\/historico\/wp-content\/uploads\/2024\/03\/EL-REGRESO-DE-JOSE-ANTONIO-ROJO-Cortesia--768x804.jpg 768w, https:\/\/plazajuarez.mx\/historico\/wp-content\/uploads\/2024\/03\/EL-REGRESO-DE-JOSE-ANTONIO-ROJO-Cortesia--1467x1536.jpg 1467w\" sizes=\"auto, (max-width: 1772px) 100vw, 1772px\" \/><\/figure>\n\n\n\n<p>Foto: Cortes\u00eda <\/p>\n\n\n\n<p><strong>Aviso para que no digan: Esta columna se nutre de comentarios recabados por agencias del Recontra-Espionaje, muy similares a las que populariz\u00f3 el \u201cS\u00faper Agente 86\u201d en sus tiempos. Como tal lo que publicamos puede que sea cierto, puede que no, o todo lo contrario. Est\u00e1 usted en libertad de creer o no lo que lee, recontra-enojarse, recontra- carcajearse y hasta recontra-recordarnos a nuestra jefecita (nosotros recontra-haremos lo propio). Avisado est\u00e1 usted.<\/strong><\/p>\n\n\n\n<p><strong>Correo: desexenterado@gmail.com&nbsp;&nbsp;<\/strong><\/p>\n\n\n\n<p><strong>X: @desexenterado<\/strong><\/p>\n","protected":false},"excerpt":{"rendered":"<p>Y PUES S\u00cd, TAL CUAL LO DIJIMOS: ISRAEL PIDI\u00d3 LICENCIA. &#8211; El pasado d\u00eda 6 del presente mes, publicamos que el ahora ex alcalde de Mineral de la Reforma, Israel F\u00e9lix Soto, hab\u00eda solicitado licencia por tiempo indefinido ante el Congreso del Estado de Hidalgo. En estos tiempos que ya nadie toma en serio el [&hellip;]<\/p>\n","protected":false},"author":93,"featured_media":297918,"comment_status":"closed","ping_status":"closed","sticky":false,"template":"","format":"standard","meta":{"footnotes":""},"categories":[83],"tags":[],"class_list":["post-301100","post","type-post","status-publish","format-standard","has-post-thumbnail","hentry","category-dese-por-enterado"],"_links":{"self":[{"href":"https:\/\/plazajuarez.mx\/historico\/wp-json\/wp\/v2\/posts\/301100","targetHints":{"allow":["GET"]}}],"collection":[{"href":"https:\/\/plazajuarez.mx\/historico\/wp-json\/wp\/v2\/posts"}],"about":[{"href":"https:\/\/plazajuarez.mx\/historico\/wp-json\/wp\/v2\/types\/post"}],"author":[{"embeddable":true,"href":"https:\/\/plazajuarez.mx\/historico\/wp-json\/wp\/v2\/users\/93"}],"replies":[{"embeddable":true,"href":"https:\/\/plazajuarez.mx\/historico\/wp-json\/wp\/v2\/comments?post=301100"}],"version-history":[{"count":0,"href":"https:\/\/plazajuarez.mx\/historico\/wp-json\/wp\/v2\/posts\/301100\/revisions"}],"wp:featuredmedia":[{"embeddable":true,"href":"https:\/\/plazajuarez.mx\/historico\/wp-json\/wp\/v2\/media\/297918"}],"wp:attachment":[{"href":"https:\/\/plazajuarez.mx\/historico\/wp-json\/wp\/v2\/media?parent=301100"}],"wp:term":[{"taxonomy":"category","embeddable":true,"href":"https:\/\/plazajuarez.mx\/historico\/wp-json\/wp\/v2\/categories?post=301100"},{"taxonomy":"post_tag","embeddable":true,"href":"https:\/\/plazajuarez.mx\/historico\/wp-json\/wp\/v2\/tags?post=301100"}],"curies":[{"name":"wp","href":"https:\/\/api.w.org\/{rel}","templated":true}]}}