{"id":301083,"date":"2024-03-08T01:05:58","date_gmt":"2024-03-08T07:05:58","guid":{"rendered":"https:\/\/plazajuarez.mx\/?p=301083"},"modified":"2024-03-08T01:06:01","modified_gmt":"2024-03-08T07:06:01","slug":"cdmx-dispone-de-2-mil-300-policias-para-vigilar-las-marchas-de-mujeres","status":"publish","type":"post","link":"https:\/\/plazajuarez.mx\/historico\/cdmx-dispone-de-2-mil-300-policias-para-vigilar-las-marchas-de-mujeres\/","title":{"rendered":"CDMX dispone de 2 mil 300 polic\u00edas para vigilar las marchas de mujeres"},"content":{"rendered":"\n<p>El Gobierno de Ciudad de M\u00e9xico anunci\u00f3 ayer que dispone de 2 mil 300 polic\u00edas femeninas para vigilar la marcha del 8 de marzo (8M), D\u00eda Internacional de la Mujer.<\/p>\n\n\n\n<p>En la capital mexicana, donde la manifestaci\u00f3n comenzar\u00e1 cerca de las 15:00 (hora local) habr\u00e1 un despliegue de 800 mujeres polic\u00edas en el recorrido y mil 500 m\u00e1s &#8220;pendientes en caso de que se requiriera apoyo&#8221;, expuso Marcela Figueroa, subsecretaria de Desarrollo Institucional de la Secretar\u00eda de Seguridad Ciudadana.<\/p>\n\n\n\n<p>Asimismo, el Escuadr\u00f3n de Rescate y Urgencias M\u00e9dicas (ERUM) design\u00f3 10 ambulancias, 10 motoambulancias y 85 param\u00e9dicos, detall\u00f3 la funcionaria capitalina en una conferencia de prensa.<\/p>\n\n\n\n<p>Adem\u00e1s, 500 funcionarias de otras dependencias conformar\u00e1n el &#8216;Mecanismo de derechos humanos&#8217;, cuya funci\u00f3n es de &#8220;di\u00e1logo&#8221; y de &#8220;estar posibilitando que todo marche adecuadamente&#8221;, agreg\u00f3 Ricardo Ruiz Su\u00e1rez, el secretario de Gobierno de Ciudad de M\u00e9xico.<\/p>\n","protected":false},"excerpt":{"rendered":"<p>El Gobierno de Ciudad de M\u00e9xico anunci\u00f3 ayer que dispone de 2 mil 300 polic\u00edas femeninas para vigilar la marcha del 8 de marzo (8M), D\u00eda Internacional de la Mujer. En la capital mexicana, donde la manifestaci\u00f3n comenzar\u00e1 cerca de las 15:00 (hora local) habr\u00e1 un despliegue de 800 mujeres polic\u00edas en el recorrido y [&hellip;]<\/p>\n","protected":false},"author":80,"featured_media":301084,"comment_status":"closed","ping_status":"closed","sticky":false,"template":"","format":"standard","meta":{"footnotes":""},"categories":[36],"tags":[],"class_list":["post-301083","post","type-post","status-publish","format-standard","has-post-thumbnail","hentry","category-nacion"],"_links":{"self":[{"href":"https:\/\/plazajuarez.mx\/historico\/wp-json\/wp\/v2\/posts\/301083","targetHints":{"allow":["GET"]}}],"collection":[{"href":"https:\/\/plazajuarez.mx\/historico\/wp-json\/wp\/v2\/posts"}],"about":[{"href":"https:\/\/plazajuarez.mx\/historico\/wp-json\/wp\/v2\/types\/post"}],"author":[{"embeddable":true,"href":"https:\/\/plazajuarez.mx\/historico\/wp-json\/wp\/v2\/users\/80"}],"replies":[{"embeddable":true,"href":"https:\/\/plazajuarez.mx\/historico\/wp-json\/wp\/v2\/comments?post=301083"}],"version-history":[{"count":0,"href":"https:\/\/plazajuarez.mx\/historico\/wp-json\/wp\/v2\/posts\/301083\/revisions"}],"wp:featuredmedia":[{"embeddable":true,"href":"https:\/\/plazajuarez.mx\/historico\/wp-json\/wp\/v2\/media\/301084"}],"wp:attachment":[{"href":"https:\/\/plazajuarez.mx\/historico\/wp-json\/wp\/v2\/media?parent=301083"}],"wp:term":[{"taxonomy":"category","embeddable":true,"href":"https:\/\/plazajuarez.mx\/historico\/wp-json\/wp\/v2\/categories?post=301083"},{"taxonomy":"post_tag","embeddable":true,"href":"https:\/\/plazajuarez.mx\/historico\/wp-json\/wp\/v2\/tags?post=301083"}],"curies":[{"name":"wp","href":"https:\/\/api.w.org\/{rel}","templated":true}]}}