{"id":301079,"date":"2024-03-08T01:04:02","date_gmt":"2024-03-08T07:04:02","guid":{"rendered":"https:\/\/plazajuarez.mx\/?p=301079"},"modified":"2024-03-08T01:04:05","modified_gmt":"2024-03-08T07:04:05","slug":"cada-dia-se-cometen-39-violaciones-sexuales-a-mujeres","status":"publish","type":"post","link":"https:\/\/plazajuarez.mx\/historico\/cada-dia-se-cometen-39-violaciones-sexuales-a-mujeres\/","title":{"rendered":"Cada d\u00eda se cometen 39 violaciones sexuales a mujeres"},"content":{"rendered":"\n<p>Cada d\u00eda se producen 39 violaciones sexuales a mujeres en M\u00e9xico, seg\u00fan se\u00f1al\u00f3 un informe de la organizaci\u00f3n Mexicanos Contra la Corrupci\u00f3n y la Impunidad (MCCI) publicado ayer.<\/p>\n\n\n\n<p>Esta cifra llega en la v\u00edspera de la conmemoraci\u00f3n del D\u00eda de la Mujer, este viernes, en un pa\u00eds marcado por la incidencia de la violencia machista.<\/p>\n\n\n\n<p>A trav\u00e9s de un estudio realizado, el equipo de la MCCI analiz\u00f3 que, en la \u00faltima d\u00e9cada, se registraron en promedio 33 mil delitos sexuales en el pa\u00eds cada a\u00f1o, lo que se traduce en 90 casos por d\u00eda.<\/p>\n\n\n\n<p>&#8220;Del total de v\u00edctimas de delitos sexuales, al menos 145 mil corresponden a violaci\u00f3n, lo que equivale a que, de los 90 casos registrados por d\u00eda, 39 son violaciones sexuales&#8221;, revel\u00f3 el informe.<\/p>\n\n\n\n<p>En 2023 se registraron 827 feminicidios (asesinatos de mujeres por razones de g\u00e9nero) y, en 2022, 959, seg\u00fan datos oficiales.<\/p>\n\n\n\n<p>&#8220;De los 329 mil casos denunciados en una d\u00e9cada en M\u00e9xico, solo 28 mil han conseguido una sentencia condenatoria&#8221;, desgrana.<\/p>\n","protected":false},"excerpt":{"rendered":"<p>Cada d\u00eda se producen 39 violaciones sexuales a mujeres en M\u00e9xico, seg\u00fan se\u00f1al\u00f3 un informe de la organizaci\u00f3n Mexicanos Contra la Corrupci\u00f3n y la Impunidad (MCCI) publicado ayer. Esta cifra llega en la v\u00edspera de la conmemoraci\u00f3n del D\u00eda de la Mujer, este viernes, en un pa\u00eds marcado por la incidencia de la violencia machista. [&hellip;]<\/p>\n","protected":false},"author":80,"featured_media":301081,"comment_status":"closed","ping_status":"closed","sticky":false,"template":"","format":"standard","meta":{"footnotes":""},"categories":[36],"tags":[],"class_list":["post-301079","post","type-post","status-publish","format-standard","has-post-thumbnail","hentry","category-nacion"],"_links":{"self":[{"href":"https:\/\/plazajuarez.mx\/historico\/wp-json\/wp\/v2\/posts\/301079","targetHints":{"allow":["GET"]}}],"collection":[{"href":"https:\/\/plazajuarez.mx\/historico\/wp-json\/wp\/v2\/posts"}],"about":[{"href":"https:\/\/plazajuarez.mx\/historico\/wp-json\/wp\/v2\/types\/post"}],"author":[{"embeddable":true,"href":"https:\/\/plazajuarez.mx\/historico\/wp-json\/wp\/v2\/users\/80"}],"replies":[{"embeddable":true,"href":"https:\/\/plazajuarez.mx\/historico\/wp-json\/wp\/v2\/comments?post=301079"}],"version-history":[{"count":0,"href":"https:\/\/plazajuarez.mx\/historico\/wp-json\/wp\/v2\/posts\/301079\/revisions"}],"wp:featuredmedia":[{"embeddable":true,"href":"https:\/\/plazajuarez.mx\/historico\/wp-json\/wp\/v2\/media\/301081"}],"wp:attachment":[{"href":"https:\/\/plazajuarez.mx\/historico\/wp-json\/wp\/v2\/media?parent=301079"}],"wp:term":[{"taxonomy":"category","embeddable":true,"href":"https:\/\/plazajuarez.mx\/historico\/wp-json\/wp\/v2\/categories?post=301079"},{"taxonomy":"post_tag","embeddable":true,"href":"https:\/\/plazajuarez.mx\/historico\/wp-json\/wp\/v2\/tags?post=301079"}],"curies":[{"name":"wp","href":"https:\/\/api.w.org\/{rel}","templated":true}]}}