{"id":301073,"date":"2024-03-08T00:51:02","date_gmt":"2024-03-08T06:51:02","guid":{"rendered":"https:\/\/plazajuarez.mx\/?p=301073"},"modified":"2024-03-08T00:51:06","modified_gmt":"2024-03-08T06:51:06","slug":"conmemoran-el-dia-internacional-de-la-mujer-con-una-serie-de-actividades","status":"publish","type":"post","link":"https:\/\/plazajuarez.mx\/historico\/conmemoran-el-dia-internacional-de-la-mujer-con-una-serie-de-actividades\/","title":{"rendered":"Conmemoran el D\u00eda Internacional de la Mujer con una serie de actividades"},"content":{"rendered":"\n<p>TULANCINGO.- Con la intenci\u00f3n de conmemorar el D\u00eda Internacional de las Mujeres, la administraci\u00f3n municipal, tienen prevista una serie de actividades para que, a trav\u00e9s de la Instancia Municipal de las Mujeres se lleven a cabo en la sede de dicha dependencia y otros espacios.<\/p>\n\n\n\n<p>Por ello, desde el comienzo del mes de marzo, han iniciado una serie de actividades, las cuales est\u00e1n encaminadas a reconocer la importancia de las f\u00e9minas en la sociedad y el empoderamiento que han alcanzado<\/p>\n\n\n\n<p>Las actividades han dado comienzo con una serie de conferencias y pl\u00e1ticas en diferentes puntos y el evento recreativo se realiz\u00f3 el pasado domingo con una carrera de 5 kil\u00f3metros, teniendo como meta y salida las instalaciones de la antigua estaci\u00f3n del ferrocarril.<\/p>\n\n\n\n<p>El d\u00eda 8 de marzo, fecha de la conmemoraci\u00f3n del D\u00eda Internacional de la Mujer, se tiene prevista una pl\u00e1tica en el Centro de Reinserci\u00f3n Social de Tulancingo (CERESO); y en la Telesecundaria, n\u00famero 29, ubicada en la colonia Jardines del Sur, con la ponencia denominada: \u201cEmpoderamiento femenino desde la autoestima\u201d&nbsp;<\/p>\n\n\n\n<p>Las acciones de reconocimiento a las mujeres continuar\u00e1n durante todo el mes de marzo, en diversos puntos, como en la instancia Municipal de las Mujeres y escuelas que se han sumado a estas acciones, as\u00ed como corporaciones, como es la Cruz Roja, donde en fecha pr\u00f3xima se tendr\u00e1 otro curso de primeros auxilios.<\/p>\n","protected":false},"excerpt":{"rendered":"<p>TULANCINGO.- Con la intenci\u00f3n de conmemorar el D\u00eda Internacional de las Mujeres, la administraci\u00f3n municipal, tienen prevista una serie de actividades para que, a trav\u00e9s de la Instancia Municipal de las Mujeres se lleven a cabo en la sede de dicha dependencia y otros espacios. Por ello, desde el comienzo del mes de marzo, han [&hellip;]<\/p>\n","protected":false},"author":93,"featured_media":301074,"comment_status":"closed","ping_status":"closed","sticky":false,"template":"","format":"standard","meta":{"footnotes":""},"categories":[40],"tags":[],"class_list":["post-301073","post","type-post","status-publish","format-standard","has-post-thumbnail","hentry","category-region"],"_links":{"self":[{"href":"https:\/\/plazajuarez.mx\/historico\/wp-json\/wp\/v2\/posts\/301073","targetHints":{"allow":["GET"]}}],"collection":[{"href":"https:\/\/plazajuarez.mx\/historico\/wp-json\/wp\/v2\/posts"}],"about":[{"href":"https:\/\/plazajuarez.mx\/historico\/wp-json\/wp\/v2\/types\/post"}],"author":[{"embeddable":true,"href":"https:\/\/plazajuarez.mx\/historico\/wp-json\/wp\/v2\/users\/93"}],"replies":[{"embeddable":true,"href":"https:\/\/plazajuarez.mx\/historico\/wp-json\/wp\/v2\/comments?post=301073"}],"version-history":[{"count":0,"href":"https:\/\/plazajuarez.mx\/historico\/wp-json\/wp\/v2\/posts\/301073\/revisions"}],"wp:featuredmedia":[{"embeddable":true,"href":"https:\/\/plazajuarez.mx\/historico\/wp-json\/wp\/v2\/media\/301074"}],"wp:attachment":[{"href":"https:\/\/plazajuarez.mx\/historico\/wp-json\/wp\/v2\/media?parent=301073"}],"wp:term":[{"taxonomy":"category","embeddable":true,"href":"https:\/\/plazajuarez.mx\/historico\/wp-json\/wp\/v2\/categories?post=301073"},{"taxonomy":"post_tag","embeddable":true,"href":"https:\/\/plazajuarez.mx\/historico\/wp-json\/wp\/v2\/tags?post=301073"}],"curies":[{"name":"wp","href":"https:\/\/api.w.org\/{rel}","templated":true}]}}