{"id":301011,"date":"2024-03-08T04:00:00","date_gmt":"2024-03-08T10:00:00","guid":{"rendered":"https:\/\/plazajuarez.mx\/?p=301011"},"modified":"2024-03-07T22:57:28","modified_gmt":"2024-03-08T04:57:28","slug":"alarma-en-omitlan-incendio-en-una-casa-donde-almacenaban-huachicol","status":"publish","type":"post","link":"https:\/\/plazajuarez.mx\/historico\/alarma-en-omitlan-incendio-en-una-casa-donde-almacenaban-huachicol\/","title":{"rendered":"Alarma en Omitl\u00e1n: incendio en una casa donde almacenaban huachicol"},"content":{"rendered":"\n<p>La tarde-noche del mi\u00e9rcoles, una casa ubicada en el centro del municipio de Omitl\u00e1n de Ju\u00e1rez, ardi\u00f3 en llamas, generando una situaci\u00f3n de emergencia.<\/p>\n\n\n\n<p>Seg\u00fan informaci\u00f3n proporcionada por vecinos, la vivienda presuntamente se utilizaba para almacenar huachicol.<\/p>\n\n\n\n<p>El incendio afect\u00f3 gravemente la estructura de la casa, lo que llev\u00f3 a la evacuaci\u00f3n de la zona por parte de las autoridades locales.<\/p>\n\n\n\n<p>Vecinos cercanos se\u00f1alaron que una de las familias que habitaba en el inmueble se dedicaba a la venta ilegal de hidrocarburos robados. Al parecer, el incendio fue desencadenado por una mala maniobra relacionada con las actividades il\u00edcitas de la familia.<\/p>\n","protected":false},"excerpt":{"rendered":"<p>La tarde-noche del mi\u00e9rcoles, una casa ubicada en el centro del municipio de Omitl\u00e1n de Ju\u00e1rez, ardi\u00f3 en llamas, generando una situaci\u00f3n de emergencia. Seg\u00fan informaci\u00f3n proporcionada por vecinos, la vivienda presuntamente se utilizaba para almacenar huachicol. El incendio afect\u00f3 gravemente la estructura de la casa, lo que llev\u00f3 a la evacuaci\u00f3n de la zona [&hellip;]<\/p>\n","protected":false},"author":93,"featured_media":301012,"comment_status":"closed","ping_status":"closed","sticky":false,"template":"","format":"standard","meta":{"footnotes":""},"categories":[37],"tags":[],"class_list":["post-301011","post","type-post","status-publish","format-standard","has-post-thumbnail","hentry","category-barandilla"],"_links":{"self":[{"href":"https:\/\/plazajuarez.mx\/historico\/wp-json\/wp\/v2\/posts\/301011","targetHints":{"allow":["GET"]}}],"collection":[{"href":"https:\/\/plazajuarez.mx\/historico\/wp-json\/wp\/v2\/posts"}],"about":[{"href":"https:\/\/plazajuarez.mx\/historico\/wp-json\/wp\/v2\/types\/post"}],"author":[{"embeddable":true,"href":"https:\/\/plazajuarez.mx\/historico\/wp-json\/wp\/v2\/users\/93"}],"replies":[{"embeddable":true,"href":"https:\/\/plazajuarez.mx\/historico\/wp-json\/wp\/v2\/comments?post=301011"}],"version-history":[{"count":0,"href":"https:\/\/plazajuarez.mx\/historico\/wp-json\/wp\/v2\/posts\/301011\/revisions"}],"wp:featuredmedia":[{"embeddable":true,"href":"https:\/\/plazajuarez.mx\/historico\/wp-json\/wp\/v2\/media\/301012"}],"wp:attachment":[{"href":"https:\/\/plazajuarez.mx\/historico\/wp-json\/wp\/v2\/media?parent=301011"}],"wp:term":[{"taxonomy":"category","embeddable":true,"href":"https:\/\/plazajuarez.mx\/historico\/wp-json\/wp\/v2\/categories?post=301011"},{"taxonomy":"post_tag","embeddable":true,"href":"https:\/\/plazajuarez.mx\/historico\/wp-json\/wp\/v2\/tags?post=301011"}],"curies":[{"name":"wp","href":"https:\/\/api.w.org\/{rel}","templated":true}]}}