{"id":300995,"date":"2024-03-08T01:03:00","date_gmt":"2024-03-08T07:03:00","guid":{"rendered":"https:\/\/plazajuarez.mx\/?p=300995"},"modified":"2024-03-08T01:01:17","modified_gmt":"2024-03-08T07:01:17","slug":"la-transformacion-lleva-rostro-de-mujer-claudia-sheinbaum-presenta-ante-militantes-de-cadereyta-la-estrategia-republica-de-y-para-mujeres","status":"publish","type":"post","link":"https:\/\/plazajuarez.mx\/historico\/la-transformacion-lleva-rostro-de-mujer-claudia-sheinbaum-presenta-ante-militantes-de-cadereyta-la-estrategia-republica-de-y-para-mujeres\/","title":{"rendered":"\u201cLA TRANSFORMACI\u00d3N LLEVA ROSTRO DE MUJER\u201d: SHEINBAUM\u00a0"},"content":{"rendered":"\n<p>\u201cLa transformaci\u00f3n, a partir del primero de octubre, es para todos, para todas, para ni\u00f1os, para ni\u00f1as, para j\u00f3venes, para adultos, para adultos mayores, pero en este caso lleva rostro de mujer\u201d, asegur\u00f3 la candidata de la coalici\u00f3n \u201cSigamos Haciendo Historia\u201d (Morena, PT y PVEM) a la Presidencia de M\u00e9xico, Claudia Sheinbaum Pardo, quien present\u00f3 la estrategia \u201cRep\u00fablica de y para Mujeres\u201d ante simpatizantes de Cadereyta de Montes, Quer\u00e9taro.&nbsp;<\/p>\n\n\n\n<p>En el marco del D\u00eda Internacional de la Mujer, Claudia Sheinbaum dio a conocer esta estrategia como uno de los ejes m\u00e1s importantes de su Proyecto de Naci\u00f3n, con el que busca garantizar seguridad, bienestar y en especial que se cumplan los derechos m\u00e1s indispensables de las mujeres mexicanas.&nbsp;<\/p>\n\n\n\n<p>Como una de las propuestas principales de la Estrategia \u201cRep\u00fablica de y para Mujeres\u201d , destac\u00f3 la creaci\u00f3n de un nuevo programa social dirigido a mujeres de 60 a 64 a\u00f1os para recibir un apoyo econ\u00f3mico mensual, correspondiente al 50 por ciento de la pensi\u00f3n de adultos mayores, en reconocimiento al trabajo realizado durante toda su vida y que muchas veces no fue remunerado.&nbsp;<\/p>\n\n\n\n<p>\u201cHay que darles un trato especial y un reconocimiento por lo que han dado las mujeres de M\u00e9xico a su familia y a su naci\u00f3n\u201d, afirm\u00f3.<\/p>\n\n\n\n<p>Agreg\u00f3 propuestas para garantizar la seguridad de las mujeres, como el programa \u201cEl agresor sale de casa\u201d, la creaci\u00f3n de Fiscal\u00edas Especializadas en Feminicidios, la construcci\u00f3n de centros de educaci\u00f3n inicial para que puedan dejar a sus hijos mientras ellas se desarrollan profesionalmente y garantizar que la igualdad sustantiva este en la Constituci\u00f3n federal.<\/p>\n","protected":false},"excerpt":{"rendered":"<p>\u201cLa transformaci\u00f3n, a partir del primero de octubre, es para todos, para todas, para ni\u00f1os, para ni\u00f1as, para j\u00f3venes, para adultos, para adultos mayores, pero en este caso lleva rostro de mujer\u201d, asegur\u00f3 la candidata de la coalici\u00f3n \u201cSigamos Haciendo Historia\u201d (Morena, PT y PVEM) a la Presidencia de M\u00e9xico, Claudia Sheinbaum Pardo, quien present\u00f3 [&hellip;]<\/p>\n","protected":false},"author":93,"featured_media":300996,"comment_status":"closed","ping_status":"closed","sticky":false,"template":"","format":"standard","meta":{"footnotes":""},"categories":[36],"tags":[],"class_list":["post-300995","post","type-post","status-publish","format-standard","has-post-thumbnail","hentry","category-nacion"],"_links":{"self":[{"href":"https:\/\/plazajuarez.mx\/historico\/wp-json\/wp\/v2\/posts\/300995","targetHints":{"allow":["GET"]}}],"collection":[{"href":"https:\/\/plazajuarez.mx\/historico\/wp-json\/wp\/v2\/posts"}],"about":[{"href":"https:\/\/plazajuarez.mx\/historico\/wp-json\/wp\/v2\/types\/post"}],"author":[{"embeddable":true,"href":"https:\/\/plazajuarez.mx\/historico\/wp-json\/wp\/v2\/users\/93"}],"replies":[{"embeddable":true,"href":"https:\/\/plazajuarez.mx\/historico\/wp-json\/wp\/v2\/comments?post=300995"}],"version-history":[{"count":0,"href":"https:\/\/plazajuarez.mx\/historico\/wp-json\/wp\/v2\/posts\/300995\/revisions"}],"wp:featuredmedia":[{"embeddable":true,"href":"https:\/\/plazajuarez.mx\/historico\/wp-json\/wp\/v2\/media\/300996"}],"wp:attachment":[{"href":"https:\/\/plazajuarez.mx\/historico\/wp-json\/wp\/v2\/media?parent=300995"}],"wp:term":[{"taxonomy":"category","embeddable":true,"href":"https:\/\/plazajuarez.mx\/historico\/wp-json\/wp\/v2\/categories?post=300995"},{"taxonomy":"post_tag","embeddable":true,"href":"https:\/\/plazajuarez.mx\/historico\/wp-json\/wp\/v2\/tags?post=300995"}],"curies":[{"name":"wp","href":"https:\/\/api.w.org\/{rel}","templated":true}]}}