{"id":300937,"date":"2024-03-07T07:01:43","date_gmt":"2024-03-07T13:01:43","guid":{"rendered":"https:\/\/plazajuarez.mx\/?p=300937"},"modified":"2024-03-07T07:01:45","modified_gmt":"2024-03-07T13:01:45","slug":"en-breve-candidatos-comunes-de-morena-y-nueva-alianza-en-los-84-municipios","status":"publish","type":"post","link":"https:\/\/plazajuarez.mx\/historico\/en-breve-candidatos-comunes-de-morena-y-nueva-alianza-en-los-84-municipios\/","title":{"rendered":"En breve, candidatos comunes de Morena y Nueva Alianza en los 84 municipios\u00a0"},"content":{"rendered":"\n<p>El presidente estatal de Morena, Marco Antonio Rico Mercado, adelant\u00f3 que ser\u00e1 la pr\u00f3xima semana cuando sea informada la lista de los candidatos que contender\u00e1n en los 84 ayuntamientos, por este instituto pol\u00edtico y Nueva Alianza.<\/p>\n\n\n\n<p>En conferencia de prensa, se\u00f1al\u00f3 que el pasado martes 5 de marzo, el Instituto Estatal Electoral de Hidalgo (IEEH), aprob\u00f3 la figura de candidatura com\u00fan del Movimiento con el partido turquesa, acuerdo que tiene como finalidad lograr el famoso \u201cPlan C\u201d.<\/p>\n\n\n\n<p>Dentro de este acuerdo detall\u00f3 que Nueva Alianza encabezar\u00e1 17 de los 84 municipios, entre ellos: Acatl\u00e1n, Agua Blanca, El Arenal, Atotonilco El Grande, Calnali, Chapulhuac\u00e1n, Jacala, Lolotla, Molango, Progreso, Tetepango, Villa de Tezontepec, Tianguistengo, Tlahuelilpan, Tlanalapa, Xochicoatl\u00e1n y Zempoala.<\/p>\n\n\n\n<p>En tanto se\u00f1al\u00f3 que en el caso de las diputaciones locales, antes del 12 de marzo, ser\u00e1n resueltas las candidaturas con el prop\u00f3sito de poder realizar el registro ante el \u00f3rgano electoral y poder arrancar en tiempo y forma con las campa\u00f1as electorales.<\/p>\n\n\n\n<p>Asimismo, Rico Mercado record\u00f3 que las campa\u00f1as electorales se caracterizar\u00e1n por ser a \u201cras de piso, de cercan\u00eda con la ciudadan\u00eda, no se har\u00e1n eventos fastuosos, entendemos lo que significa el movimiento y el alto compromiso de no fallarle al pueblo\u201d.<\/p>\n\n\n\n<p>Adem\u00e1s puntualiz\u00f3 que con base en estad\u00edsticas, en el caso de la entidad, existe un 70 por ciento de intenci\u00f3n de voto hacia el proyecto de la Cuarta Transformaci\u00f3n y sus aliados.<\/p>\n","protected":false},"excerpt":{"rendered":"<p>El presidente estatal de Morena, Marco Antonio Rico Mercado, adelant\u00f3 que ser\u00e1 la pr\u00f3xima semana cuando sea informada la lista de los candidatos que contender\u00e1n en los 84 ayuntamientos, por este instituto pol\u00edtico y Nueva Alianza. En conferencia de prensa, se\u00f1al\u00f3 que el pasado martes 5 de marzo, el Instituto Estatal Electoral de Hidalgo (IEEH), [&hellip;]<\/p>\n","protected":false},"author":73,"featured_media":300938,"comment_status":"closed","ping_status":"closed","sticky":false,"template":"","format":"standard","meta":{"footnotes":""},"categories":[15,59],"tags":[],"class_list":["post-300937","post","type-post","status-publish","format-standard","has-post-thumbnail","hentry","category-destacadas","category-general"],"_links":{"self":[{"href":"https:\/\/plazajuarez.mx\/historico\/wp-json\/wp\/v2\/posts\/300937","targetHints":{"allow":["GET"]}}],"collection":[{"href":"https:\/\/plazajuarez.mx\/historico\/wp-json\/wp\/v2\/posts"}],"about":[{"href":"https:\/\/plazajuarez.mx\/historico\/wp-json\/wp\/v2\/types\/post"}],"author":[{"embeddable":true,"href":"https:\/\/plazajuarez.mx\/historico\/wp-json\/wp\/v2\/users\/73"}],"replies":[{"embeddable":true,"href":"https:\/\/plazajuarez.mx\/historico\/wp-json\/wp\/v2\/comments?post=300937"}],"version-history":[{"count":0,"href":"https:\/\/plazajuarez.mx\/historico\/wp-json\/wp\/v2\/posts\/300937\/revisions"}],"wp:featuredmedia":[{"embeddable":true,"href":"https:\/\/plazajuarez.mx\/historico\/wp-json\/wp\/v2\/media\/300938"}],"wp:attachment":[{"href":"https:\/\/plazajuarez.mx\/historico\/wp-json\/wp\/v2\/media?parent=300937"}],"wp:term":[{"taxonomy":"category","embeddable":true,"href":"https:\/\/plazajuarez.mx\/historico\/wp-json\/wp\/v2\/categories?post=300937"},{"taxonomy":"post_tag","embeddable":true,"href":"https:\/\/plazajuarez.mx\/historico\/wp-json\/wp\/v2\/tags?post=300937"}],"curies":[{"name":"wp","href":"https:\/\/api.w.org\/{rel}","templated":true}]}}