{"id":300829,"date":"2024-03-06T15:47:24","date_gmt":"2024-03-06T21:47:24","guid":{"rendered":"https:\/\/plazajuarez.mx\/?p=300829"},"modified":"2024-03-06T15:47:26","modified_gmt":"2024-03-06T21:47:26","slug":"celebra-pri-hidalgo-designacion-de-jose-antonio-rojo-como-delegado-para-la-campana-de-xochitl-galvez","status":"publish","type":"post","link":"https:\/\/plazajuarez.mx\/historico\/celebra-pri-hidalgo-designacion-de-jose-antonio-rojo-como-delegado-para-la-campana-de-xochitl-galvez\/","title":{"rendered":"Celebra PRI Hidalgo, designaci\u00f3n de Jos\u00e9 Antonio Rojo como Delegado para la campa\u00f1a de X\u00f3chitl G\u00e1lvez"},"content":{"rendered":"\n<p class=\"wp-block-paragraph\">C\u00f3mo una gran noticia para el priismo, fue recibida la decisi\u00f3n de X\u00f3chitl G\u00e1lvez, Candidata a la Presidencia de M\u00e9xico, quien eligi\u00f3 a Jos\u00e9 Antonio Rojo como Delegado de campa\u00f1a en Hidalgo.<\/p>\n\n\n\n<p class=\"wp-block-paragraph\">Esto, luego de anunciar a todas y todos los delegados que la representar\u00e1n en cada uno de los estados del pa\u00eds, de cara a las pr\u00f3ximas elecciones.<\/p>\n\n\n\n<p class=\"wp-block-paragraph\">Marco Antonio Mendoza, Presidente del PRI en Hidalgo, se congratul\u00f3 con este nombramiento: &#8220;Jos\u00e9 Antonio Rojo es uno de los grandes cuadros que tiene el priismo hidalguense, es un hombre con notable capacidad y experiencia. Nos sentimos muy orgullosos de su presencia, y estamos seguros de que haremos un equipo extraordinario&#8221;.<\/p>\n\n\n\n<p class=\"wp-block-paragraph\">Agreg\u00f3 que: &#8220;X\u00f3chitl G\u00e1lvez es una mujer que ha trabajado a favor de las causas m\u00e1s sensibles de la sociedad. Hidalgo va a tener en ella, a una gran Presidenta; porque no hay nada como el amor, por la tierra donde naces&#8221;.<\/p>\n","protected":false},"excerpt":{"rendered":"<p>C\u00f3mo una gran noticia para el priismo, fue recibida la decisi\u00f3n de X\u00f3chitl G\u00e1lvez, Candidata a la Presidencia de M\u00e9xico, quien eligi\u00f3 a Jos\u00e9 Antonio Rojo como Delegado de campa\u00f1a en Hidalgo. Esto, luego de anunciar a todas y todos los delegados que la representar\u00e1n en cada uno de los estados del pa\u00eds, de cara [&hellip;]<\/p>\n","protected":false},"author":93,"featured_media":300830,"comment_status":"closed","ping_status":"closed","sticky":false,"template":"","format":"standard","meta":{"footnotes":""},"categories":[15,59],"tags":[],"class_list":["post-300829","post","type-post","status-publish","format-standard","has-post-thumbnail","hentry","category-destacadas","category-general"],"_links":{"self":[{"href":"https:\/\/plazajuarez.mx\/historico\/wp-json\/wp\/v2\/posts\/300829","targetHints":{"allow":["GET"]}}],"collection":[{"href":"https:\/\/plazajuarez.mx\/historico\/wp-json\/wp\/v2\/posts"}],"about":[{"href":"https:\/\/plazajuarez.mx\/historico\/wp-json\/wp\/v2\/types\/post"}],"author":[{"embeddable":true,"href":"https:\/\/plazajuarez.mx\/historico\/wp-json\/wp\/v2\/users\/93"}],"replies":[{"embeddable":true,"href":"https:\/\/plazajuarez.mx\/historico\/wp-json\/wp\/v2\/comments?post=300829"}],"version-history":[{"count":0,"href":"https:\/\/plazajuarez.mx\/historico\/wp-json\/wp\/v2\/posts\/300829\/revisions"}],"wp:featuredmedia":[{"embeddable":true,"href":"https:\/\/plazajuarez.mx\/historico\/wp-json\/wp\/v2\/media\/300830"}],"wp:attachment":[{"href":"https:\/\/plazajuarez.mx\/historico\/wp-json\/wp\/v2\/media?parent=300829"}],"wp:term":[{"taxonomy":"category","embeddable":true,"href":"https:\/\/plazajuarez.mx\/historico\/wp-json\/wp\/v2\/categories?post=300829"},{"taxonomy":"post_tag","embeddable":true,"href":"https:\/\/plazajuarez.mx\/historico\/wp-json\/wp\/v2\/tags?post=300829"}],"curies":[{"name":"wp","href":"https:\/\/api.w.org\/{rel}","templated":true}]}}