{"id":300765,"date":"2024-03-06T02:00:26","date_gmt":"2024-03-06T08:00:26","guid":{"rendered":"https:\/\/plazajuarez.mx\/?p=300765"},"modified":"2024-03-06T02:12:49","modified_gmt":"2024-03-06T08:12:49","slug":"23-candidatos-han-pedido-proteccion-al-gobierno","status":"publish","type":"post","link":"https:\/\/plazajuarez.mx\/historico\/23-candidatos-han-pedido-proteccion-al-gobierno\/","title":{"rendered":"23 candidatos han pedido protecci\u00f3n al Gobierno"},"content":{"rendered":"\n<p class=\"wp-block-paragraph\">Un total de 23 candidatos, incluyendo a los tres aspirantes a la presidencia, han pedido protecci\u00f3n al Gobierno de M\u00e9xico ante el riesgo de la violencia, inform\u00f3 este martes la secretaria de Seguridad y Protecci\u00f3n Ciudadana, Rosa Icela Rodr\u00edguez.<\/p>\n\n\n\n<p class=\"wp-block-paragraph\">\u201cActualmente tenemos 23 solicitudes de protecci\u00f3n, tres de quienes compiten a la Presidencia de la Rep\u00fablica por las coaliciones Sigamos Haciendo Historia (Claudia Sheinbaum), Fuerza y Coraz\u00f3n (X\u00f3chitl G\u00e1lvez), y Movimiento Ciudadano (Jorge \u00c1lvarez M\u00e1ynez), que ya cuentan con protecci\u00f3n\u201d, expuso Rodr\u00edguez.<\/p>\n\n\n\n<p class=\"wp-block-paragraph\">Rumbo a las elecciones del 2 de junio, los datos exhibidos por la secretaria en la conferencia matutina del presidente mexicano, Andr\u00e9s Manuel L\u00f3pez Obrador, mostraron que 19 de las peticiones han sido de la oposici\u00f3n y solo cuatro han sido de partidos aliados del Gobierno.<\/p>\n\n\n\n<p class=\"wp-block-paragraph\">Adem\u00e1s de los presidenciales, han pedido protecci\u00f3n tres candidatos a gobiernos estatales, siete aspirantes al Senado y 10 aspirantes a diputado.<\/p>\n\n\n\n<p class=\"wp-block-paragraph\">La funcionaria sostuvo que el Gobierno &#8220;tiene el compromiso de que el proceso electoral de este 2024 se lleve a cabo de manera pac\u00edfica&#8221;.<\/p>\n\n\n\n<p class=\"wp-block-paragraph\">&#8220;Esta es nuestra responsabilidad. Por ello, presentamos un plan para que todos los candidatos y candidatas que lo soliciten cuenten con protecci\u00f3n y seguridad&#8221;, expres\u00f3.<\/p>\n\n\n\n<p class=\"wp-block-paragraph\">Aunque las campa\u00f1as oficiales comenzaron el viernes pasado, la consultora Data Int document\u00f3 el lunes el asesinato de 20 personas que aspiraban a un cargo de elecci\u00f3n popular en lo que va del a\u00f1o electoral, en el que en total han matado a 76 personas &#8220;potencialmente vinculadas al proceso&#8221;.<\/p>\n","protected":false},"excerpt":{"rendered":"<p>Un total de 23 candidatos, incluyendo a los tres aspirantes a la presidencia, han pedido protecci\u00f3n al Gobierno de M\u00e9xico ante el riesgo de la violencia, inform\u00f3 este martes la secretaria de Seguridad y Protecci\u00f3n Ciudadana, Rosa Icela Rodr\u00edguez. \u201cActualmente tenemos 23 solicitudes de protecci\u00f3n, tres de quienes compiten a la Presidencia de la Rep\u00fablica [&hellip;]<\/p>\n","protected":false},"author":80,"featured_media":300766,"comment_status":"closed","ping_status":"closed","sticky":false,"template":"","format":"standard","meta":{"footnotes":""},"categories":[36],"tags":[],"class_list":["post-300765","post","type-post","status-publish","format-standard","has-post-thumbnail","hentry","category-nacion"],"_links":{"self":[{"href":"https:\/\/plazajuarez.mx\/historico\/wp-json\/wp\/v2\/posts\/300765","targetHints":{"allow":["GET"]}}],"collection":[{"href":"https:\/\/plazajuarez.mx\/historico\/wp-json\/wp\/v2\/posts"}],"about":[{"href":"https:\/\/plazajuarez.mx\/historico\/wp-json\/wp\/v2\/types\/post"}],"author":[{"embeddable":true,"href":"https:\/\/plazajuarez.mx\/historico\/wp-json\/wp\/v2\/users\/80"}],"replies":[{"embeddable":true,"href":"https:\/\/plazajuarez.mx\/historico\/wp-json\/wp\/v2\/comments?post=300765"}],"version-history":[{"count":0,"href":"https:\/\/plazajuarez.mx\/historico\/wp-json\/wp\/v2\/posts\/300765\/revisions"}],"wp:featuredmedia":[{"embeddable":true,"href":"https:\/\/plazajuarez.mx\/historico\/wp-json\/wp\/v2\/media\/300766"}],"wp:attachment":[{"href":"https:\/\/plazajuarez.mx\/historico\/wp-json\/wp\/v2\/media?parent=300765"}],"wp:term":[{"taxonomy":"category","embeddable":true,"href":"https:\/\/plazajuarez.mx\/historico\/wp-json\/wp\/v2\/categories?post=300765"},{"taxonomy":"post_tag","embeddable":true,"href":"https:\/\/plazajuarez.mx\/historico\/wp-json\/wp\/v2\/tags?post=300765"}],"curies":[{"name":"wp","href":"https:\/\/api.w.org\/{rel}","templated":true}]}}