{"id":30067,"date":"2016-10-14T11:08:27","date_gmt":"2016-10-14T11:08:27","guid":{"rendered":"http:\/\/plazajuarez.mx\/index\/index.php\/2016\/10\/14\/veracruz-anuncian-reunion-de-seguridad\/"},"modified":"2016-10-14T11:08:27","modified_gmt":"2016-10-14T11:08:27","slug":"veracruz-anuncian-reunion-de-seguridad","status":"publish","type":"post","link":"https:\/\/plazajuarez.mx\/historico\/veracruz-anuncian-reunion-de-seguridad\/","title":{"rendered":"Veracruz: anuncian reuni\u00f3n de seguridad"},"content":{"rendered":"<p>El gobernador interino de Veracruz, Flavino R\u00edos Alvarado, inform\u00f3 que durante estos 47 d\u00edas de mandato una de sus principales acciones ser\u00e1 reforzar la seguridad.<\/p>\n<p>  <!--more-->  <\/p>\n<p>Dijo que ayer tendr\u00edan una reuni\u00f3n en Minatitl\u00e1n, nos reunimos con los presidentes municipales, con el Ej\u00e9rcito, con la Marina-Armada, con la Procuradur\u00eda General de la Rep\u00fablica (PGR), la Polic\u00eda Federal, el Cisen (Centro de Investigaci\u00f3n y Seguridad Nacional)\u2026 porque la seguridad es una responsabilidad compartida de los tres niveles de gobierno\u201d, inform\u00f3.<br \/>Admiti\u00f3 que hay un problema que tiene que ver con la seguridad, pero dijo que pedir\u00e1 el apoyo del gobierno federal. \u201cTodos tenemos que aplicarnos coordinadamente para darles mayor seguridad a los veracruzanos, y es especial a los del sur del estado\u201d.<\/p>\n","protected":false},"excerpt":{"rendered":"<p>El gobernador interino de Veracruz, Flavino R\u00edos Alvarado, inform\u00f3 que durante estos 47 d\u00edas de mandato una de sus principales acciones ser\u00e1 reforzar la seguridad.<\/p>\n","protected":false},"author":93,"featured_media":0,"comment_status":"open","ping_status":"open","sticky":false,"template":"","format":"standard","meta":{"footnotes":""},"categories":[36],"tags":[],"class_list":["post-30067","post","type-post","status-publish","format-standard","hentry","category-nacion"],"_links":{"self":[{"href":"https:\/\/plazajuarez.mx\/historico\/wp-json\/wp\/v2\/posts\/30067","targetHints":{"allow":["GET"]}}],"collection":[{"href":"https:\/\/plazajuarez.mx\/historico\/wp-json\/wp\/v2\/posts"}],"about":[{"href":"https:\/\/plazajuarez.mx\/historico\/wp-json\/wp\/v2\/types\/post"}],"author":[{"embeddable":true,"href":"https:\/\/plazajuarez.mx\/historico\/wp-json\/wp\/v2\/users\/93"}],"replies":[{"embeddable":true,"href":"https:\/\/plazajuarez.mx\/historico\/wp-json\/wp\/v2\/comments?post=30067"}],"version-history":[{"count":0,"href":"https:\/\/plazajuarez.mx\/historico\/wp-json\/wp\/v2\/posts\/30067\/revisions"}],"wp:attachment":[{"href":"https:\/\/plazajuarez.mx\/historico\/wp-json\/wp\/v2\/media?parent=30067"}],"wp:term":[{"taxonomy":"category","embeddable":true,"href":"https:\/\/plazajuarez.mx\/historico\/wp-json\/wp\/v2\/categories?post=30067"},{"taxonomy":"post_tag","embeddable":true,"href":"https:\/\/plazajuarez.mx\/historico\/wp-json\/wp\/v2\/tags?post=30067"}],"curies":[{"name":"wp","href":"https:\/\/api.w.org\/{rel}","templated":true}]}}