{"id":30065,"date":"2016-10-14T11:07:56","date_gmt":"2016-10-14T11:07:56","guid":{"rendered":"http:\/\/plazajuarez.mx\/index\/index.php\/2016\/10\/14\/derecho-al-trabajo-sexual-debe-debatirse-prd\/"},"modified":"2016-10-14T11:07:56","modified_gmt":"2016-10-14T11:07:56","slug":"derecho-al-trabajo-sexual-debe-debatirse-prd","status":"publish","type":"post","link":"https:\/\/plazajuarez.mx\/historico\/derecho-al-trabajo-sexual-debe-debatirse-prd\/","title":{"rendered":"Derecho al trabajo sexual debe debatirse: PRD"},"content":{"rendered":"<p>En el proyecto de Constituci\u00f3n de la CDMX<\/p>\n<p>  <!--more-->  <\/p>\n<p>El derecho al trabajo sexual como una actividad no asalariada, incluido en el proyecto de la Constituci\u00f3n de la Ciudad de M\u00e9xico, ser\u00e1 un tema que se ponga a debate, acept\u00f3 la presidenta de la comisi\u00f3n de Carta de Derechos, Marcela Lagarde.<br \/>En conferencia, la diputada constituyente del Partido de la Revoluci\u00f3n Democr\u00e1tica (PRD) asegur\u00f3 que el grupo parlamentario del sol azteca buscar\u00e1 \u201cque no haya retrocesos, que no se plantee nada hacia atr\u00e1s en materia de derechos construidos por movimientos civiles, por pol\u00edticas p\u00fablicas y acciones legislativas, eso es lo que vamos a plantear\u201d.<br \/>En materia del derecho al trabajo sexual, incluido en el cap\u00edtulo sobre Protecci\u00f3n al trabajo, la antrop\u00f3loga advirti\u00f3 que habr\u00e1 una discusi\u00f3n, debido a posturas confrontadas, incluso ella como especialista en pol\u00edticas de g\u00e9nero, plante\u00f3 estar en desacuerdo.<br \/>\u201cHay un debate muy largo en el mundo occidental, en todas partes, se ha debatido sobre el trabajo sexual, la prostituci\u00f3n, como quiera que se le llame y se han desarrollado concepciones muy enfrentadas en torno a si normalizar este trabajo o no considerarlo trabajo, sino otra actividad ligada a la explotaci\u00f3n sexual de mujeres y ni\u00f1as\u201d, explic\u00f3 Lagarde.<\/p>\n","protected":false},"excerpt":{"rendered":"<p>En el proyecto de Constituci\u00f3n de la CDMX<\/p>\n","protected":false},"author":93,"featured_media":0,"comment_status":"open","ping_status":"open","sticky":false,"template":"","format":"standard","meta":{"footnotes":""},"categories":[36],"tags":[],"class_list":["post-30065","post","type-post","status-publish","format-standard","hentry","category-nacion"],"_links":{"self":[{"href":"https:\/\/plazajuarez.mx\/historico\/wp-json\/wp\/v2\/posts\/30065","targetHints":{"allow":["GET"]}}],"collection":[{"href":"https:\/\/plazajuarez.mx\/historico\/wp-json\/wp\/v2\/posts"}],"about":[{"href":"https:\/\/plazajuarez.mx\/historico\/wp-json\/wp\/v2\/types\/post"}],"author":[{"embeddable":true,"href":"https:\/\/plazajuarez.mx\/historico\/wp-json\/wp\/v2\/users\/93"}],"replies":[{"embeddable":true,"href":"https:\/\/plazajuarez.mx\/historico\/wp-json\/wp\/v2\/comments?post=30065"}],"version-history":[{"count":0,"href":"https:\/\/plazajuarez.mx\/historico\/wp-json\/wp\/v2\/posts\/30065\/revisions"}],"wp:attachment":[{"href":"https:\/\/plazajuarez.mx\/historico\/wp-json\/wp\/v2\/media?parent=30065"}],"wp:term":[{"taxonomy":"category","embeddable":true,"href":"https:\/\/plazajuarez.mx\/historico\/wp-json\/wp\/v2\/categories?post=30065"},{"taxonomy":"post_tag","embeddable":true,"href":"https:\/\/plazajuarez.mx\/historico\/wp-json\/wp\/v2\/tags?post=30065"}],"curies":[{"name":"wp","href":"https:\/\/api.w.org\/{rel}","templated":true}]}}