{"id":30064,"date":"2016-10-14T11:06:54","date_gmt":"2016-10-14T11:06:54","guid":{"rendered":"http:\/\/plazajuarez.mx\/index\/index.php\/2016\/10\/14\/insuficiente-esfuerzo-en-seguridad-en-edomex\/"},"modified":"2016-10-14T11:06:54","modified_gmt":"2016-10-14T11:06:54","slug":"insuficiente-esfuerzo-en-seguridad-en-edomex","status":"publish","type":"post","link":"https:\/\/plazajuarez.mx\/historico\/insuficiente-esfuerzo-en-seguridad-en-edomex\/","title":{"rendered":"\u201cInsuficiente esfuerzo en seguridad en Edomex\u201d"},"content":{"rendered":"<p>Las prioridades del Presidente<\/p>\n<p>\u25cf\u00a0\u00a0\u00a0 A esta ceremonia vinieron los gobernadores del estado de M\u00e9xico, Eruviel \u00c1vila y de Puebla, Rafael Moreno Valle.\u00a0 No acudi\u00f3 Miguel \u00c1ngel Mancera<\/p>\n<p>  <!--more-->  <\/p>\n<p>Chalco Solidaridad, M\u00e9x.- En la zona oriente del Valle de M\u00e9xico, una de las m\u00e1s pobladas del pa\u00eds y luego de inaugurar la modernizaci\u00f3n de la autopista a Puebla, el presidente Enrique Pe\u00f1a Nieto aprovech\u00f3 la ocasi\u00f3n para pedir a las mujeres del pa\u00eds, realizarse los ex\u00e1menes de detecci\u00f3n de c\u00e1ncer de mama.<br \/>Antes, sin embargo, Pe\u00f1a Nieto se refiri\u00f3 tambi\u00e9n al tema de la seguridad en esta porci\u00f3n de la entidad mexiquense. Admiti\u00f3 que se trata de una &#8220;demanda reiterada&#8221; de la poblaci\u00f3n y que si bien las autoridades locales han trabajado en la misma, los esfuerzos &#8220;han sido insuficientes&#8221;.<br \/>Reiter\u00f3 entonces la disposici\u00f3n del gobierno federal para &#8220;respaldar y apoyar decididamente&#8221; a esta zona del pa\u00eds con el env\u00edo de m\u00e1s de 3 mil elementos de las fuerzas federales en las labores de seguridad.<br \/>Pe\u00f1a Nieto hizo en otro momento de su mensaje, el recuento detallado de las acciones de infraestructura carretera de inversi\u00f3n federal no s\u00f3lo para el estado de M\u00e9xico sino tambi\u00e9n para la capital del pa\u00eds.<br \/>Con sus paisanos se reiter\u00f3 &#8220;gran aliado, amigo y que los acompa\u00f1ar\u00e1 en el desarrollo y progreso de esta regi\u00f3n, no tengan duda&#8221;.<br \/>Dijo que no es casual realizar tan frecuentes visitas a este estado -hoy fue la n\u00famero 60 en su administraci\u00f3n- pues se trata de poner en marcha obras que mejoren la calidad de vida de la poblaci\u00f3n.<br \/>Adem\u00e1s, destac\u00f3 el prop\u00f3sito de mejorar la conectividad en el pa\u00eds para atraer m\u00e1s inversiones y propiciar la creaci\u00f3n de empleos.<br \/>Sobre esto \u00faltimo, el presidente Pe\u00f1a asegur\u00f3 que en su administraci\u00f3n se lograr\u00e1 pronto la apertura de 2.5 millones de fuentes de trabajo para ser as\u00ed el gobierno con la m\u00e1s alta generaci\u00f3n de empleos de cualesquiera otra.<br \/>Y habl\u00f3 luego de los trabajos que se realizan para mejorar la infraestructura hidr\u00e1ulica de esta zona de la entidad y evitar las inundaciones provocadas por los desbordamientos de los r\u00edos Ameca, La Compa\u00f1\u00eda y de Los Remedios.<br \/>Dijo que incluso y en comparaci\u00f3n a cuando \u00e9l gobern\u00f3 al estado de M\u00e9xico, las inundaciones no son ahora de la misma intensidad y frecuencia.<\/p>\n","protected":false},"excerpt":{"rendered":"<p>Las prioridades del Presidente \u25cf\u00a0\u00a0\u00a0 A esta ceremonia vinieron los gobernadores del estado de M\u00e9xico, Eruviel \u00c1vila y de Puebla, Rafael Moreno Valle.\u00a0 No acudi\u00f3 Miguel \u00c1ngel Mancera<\/p>\n","protected":false},"author":93,"featured_media":0,"comment_status":"open","ping_status":"open","sticky":false,"template":"","format":"standard","meta":{"footnotes":""},"categories":[36],"tags":[],"class_list":["post-30064","post","type-post","status-publish","format-standard","hentry","category-nacion"],"_links":{"self":[{"href":"https:\/\/plazajuarez.mx\/historico\/wp-json\/wp\/v2\/posts\/30064","targetHints":{"allow":["GET"]}}],"collection":[{"href":"https:\/\/plazajuarez.mx\/historico\/wp-json\/wp\/v2\/posts"}],"about":[{"href":"https:\/\/plazajuarez.mx\/historico\/wp-json\/wp\/v2\/types\/post"}],"author":[{"embeddable":true,"href":"https:\/\/plazajuarez.mx\/historico\/wp-json\/wp\/v2\/users\/93"}],"replies":[{"embeddable":true,"href":"https:\/\/plazajuarez.mx\/historico\/wp-json\/wp\/v2\/comments?post=30064"}],"version-history":[{"count":0,"href":"https:\/\/plazajuarez.mx\/historico\/wp-json\/wp\/v2\/posts\/30064\/revisions"}],"wp:attachment":[{"href":"https:\/\/plazajuarez.mx\/historico\/wp-json\/wp\/v2\/media?parent=30064"}],"wp:term":[{"taxonomy":"category","embeddable":true,"href":"https:\/\/plazajuarez.mx\/historico\/wp-json\/wp\/v2\/categories?post=30064"},{"taxonomy":"post_tag","embeddable":true,"href":"https:\/\/plazajuarez.mx\/historico\/wp-json\/wp\/v2\/tags?post=30064"}],"curies":[{"name":"wp","href":"https:\/\/api.w.org\/{rel}","templated":true}]}}