{"id":300630,"date":"2024-03-05T01:10:41","date_gmt":"2024-03-05T07:10:41","guid":{"rendered":"https:\/\/plazajuarez.mx\/?p=300630"},"modified":"2024-03-05T01:10:44","modified_gmt":"2024-03-05T07:10:44","slug":"alguacil-a-los-pesimistas-les-diria-que-no-entienden-de-futbol","status":"publish","type":"post","link":"https:\/\/plazajuarez.mx\/historico\/alguacil-a-los-pesimistas-les-diria-que-no-entienden-de-futbol\/","title":{"rendered":"Alguacil: A los pesimistas les dir\u00eda que no entienden de f\u00fatbol"},"content":{"rendered":"\n<p>El entrenador de la Real Sociedad, Imanol Alguacil, cree que su equipo tendr\u00e1 opciones de remontar la eliminatoria ante el PSG si juega como lo hizo la primera hora en la capital francesa y se\u00f1al\u00f3 que los pesimistas que consideran que el conjunto donostiarra no tiene posibilidades de \u00e9xito &#8220;no entienden de f\u00fatbol&#8221;.<\/p>\n\n\n\n<p>&#8220;Siempre se dan sorpresas, depende de la eliminatoria, y no tengo ninguna duda de que si el equipo ma\u00f1ana se comporta como sabe hacerlo, tendremos la oportunidad de sacar adelante esto&#8221;, dijo Alguacil en la rueda de prensa oficial previa al partido de este martes.<\/p>\n\n\n\n<p>El t\u00e9cnico vasco alab\u00f3 a la plantilla de un PSG al que &#8220;si algo le sobran son buenos jugadores&#8221;. &#8220;Evidentemente, Kylian Mbapp\u00e9 es \u00fanico, pero si no juega \u00e9l, lo har\u00e1 otro casi igual de bueno&#8221;, sostuvo.<\/p>\n\n\n\n<p>&#8220;Tienen muchos registros, tanto en velocidad, como en t\u00e9cnica o calidad individual&#8221;, a\u00f1adi\u00f3 el entrenador realista, quien insisti\u00f3 en que para intentar dar la campanada su equipo tiene que ser capaz de &#8220;repetir la primera hora de all\u00ed&#8221;. &#8220;Ser\u00e1 lo que nos acerque a intentar darle la vuelta a esto&#8221;, apostill\u00f3.<\/p>\n\n\n\n<p>La Real afronta este encuentro en su peor momento f\u00edsico y de juego de la temporada y Alguacil afirm\u00f3 que &#8220;no es f\u00e1cil, ya que se juntan muchos factores, como el mental o el f\u00edsico, que te hacen no ser tan resolutivo como hace tres meses&#8221;.<\/p>\n\n\n\n<p>Sobre la novedad de Ander Barrenetxea en la lista de convocados, Alguacil destac\u00f3 que &#8220;este es un partido en el que hay que agotar todas las balas. Si est\u00e1 convocado, es porque est\u00e1 para arrimar el hombro&#8221;.<\/p>\n\n\n\n<p>Arsen Zakharyan, quien tiene una peque\u00f1a lesi\u00f3n, se queda fuera &#8220;por precauci\u00f3n&#8221; y Alguacil coment\u00f3 que al defensa Aritz Elustondo, pese a haber vuelto ya a los entrenamientos, &#8220;a\u00fan le queda&#8221; para poder volver a ser convocado.<\/p>\n\n\n\n<p>Tambi\u00e9n compareci\u00f3 Takefusa Kubo, una de las estrellas del conjunto txuri urdin, quien destac\u00f3 que &#8220;el equipo necesita a todos los disponibles para competir contra uno de los mejores equipos de Europa&#8221;.<\/p>\n\n\n\n<p>Una Real que no est\u00e1 acertada de cara a puerta, algo que resalt\u00f3 el nip\u00f3n: &#8220;la clave estar\u00e1 en acertar en los \u00faltimos tres cuartos de campo, ah\u00ed se ver\u00e1 la diferencia entre la Real que est\u00e1 bien y la que no&#8221;.<\/p>\n","protected":false},"excerpt":{"rendered":"<p>El entrenador de la Real Sociedad, Imanol Alguacil, cree que su equipo tendr\u00e1 opciones de remontar la eliminatoria ante el PSG si juega como lo hizo la primera hora en la capital francesa y se\u00f1al\u00f3 que los pesimistas que consideran que el conjunto donostiarra no tiene posibilidades de \u00e9xito &#8220;no entienden de f\u00fatbol&#8221;. &#8220;Siempre se [&hellip;]<\/p>\n","protected":false},"author":80,"featured_media":300631,"comment_status":"closed","ping_status":"closed","sticky":false,"template":"","format":"standard","meta":{"footnotes":""},"categories":[39],"tags":[],"class_list":["post-300630","post","type-post","status-publish","format-standard","has-post-thumbnail","hentry","category-deportiva"],"_links":{"self":[{"href":"https:\/\/plazajuarez.mx\/historico\/wp-json\/wp\/v2\/posts\/300630","targetHints":{"allow":["GET"]}}],"collection":[{"href":"https:\/\/plazajuarez.mx\/historico\/wp-json\/wp\/v2\/posts"}],"about":[{"href":"https:\/\/plazajuarez.mx\/historico\/wp-json\/wp\/v2\/types\/post"}],"author":[{"embeddable":true,"href":"https:\/\/plazajuarez.mx\/historico\/wp-json\/wp\/v2\/users\/80"}],"replies":[{"embeddable":true,"href":"https:\/\/plazajuarez.mx\/historico\/wp-json\/wp\/v2\/comments?post=300630"}],"version-history":[{"count":0,"href":"https:\/\/plazajuarez.mx\/historico\/wp-json\/wp\/v2\/posts\/300630\/revisions"}],"wp:featuredmedia":[{"embeddable":true,"href":"https:\/\/plazajuarez.mx\/historico\/wp-json\/wp\/v2\/media\/300631"}],"wp:attachment":[{"href":"https:\/\/plazajuarez.mx\/historico\/wp-json\/wp\/v2\/media?parent=300630"}],"wp:term":[{"taxonomy":"category","embeddable":true,"href":"https:\/\/plazajuarez.mx\/historico\/wp-json\/wp\/v2\/categories?post=300630"},{"taxonomy":"post_tag","embeddable":true,"href":"https:\/\/plazajuarez.mx\/historico\/wp-json\/wp\/v2\/tags?post=300630"}],"curies":[{"name":"wp","href":"https:\/\/api.w.org\/{rel}","templated":true}]}}