{"id":30062,"date":"2016-10-14T11:05:54","date_gmt":"2016-10-14T11:05:54","guid":{"rendered":"http:\/\/plazajuarez.mx\/index\/index.php\/2016\/10\/14\/lo-mas-util-contra-los-incendios-es-rezar\/"},"modified":"2016-10-14T11:05:54","modified_gmt":"2016-10-14T11:05:54","slug":"lo-mas-util-contra-los-incendios-es-rezar","status":"publish","type":"post","link":"https:\/\/plazajuarez.mx\/historico\/lo-mas-util-contra-los-incendios-es-rezar\/","title":{"rendered":"\u201cLo m\u00e1s \u00fatil contra los incendios es rezar\u201d"},"content":{"rendered":"<p>Lo dice el ministro de ambiente argentino<\/p>\n<p>\u25cf\u00a0\u00a0\u00a0 El rabino Sergio Bergman responsabiliza al gobierno del que forma parte por recortes en el presupuesto<\/p>\n<p>  <!--more-->  <\/p>\n<p>Desde el ministerio asumen por lo bajo que el presupuesto es un tema delicado. Tambi\u00e9n difundieron una nota de prensa en la que aseguran que \u201cel gobierno est\u00e1 en mejores condiciones para atender el Plan Nacional de Manejo del Fuego\u201d y en el que aclaran que el llamado a rezar \u201cse tom\u00f3 fuera de contexto\u201d.<\/p>\n<p>Se acerca la \u00e9poca veraniega en Argentina y con ella los incendios forestales que en muchos casos son producidos por la negligencia de quienes acampan en los bosques milenarios de la Patagonia. El ministro de Ambiente y Desarrollo Sustentable de la Naci\u00f3n, Sergio Bergman, se refiri\u00f3 a este problema. Pero si su objetivo fue llevar tranquilidad a la poblaci\u00f3n logr\u00f3 el efecto contrario. \u201cYo creo que este verano estaremos en mejores condiciones, aunque como creyente que soy, para el pr\u00f3ximo verano lo m\u00e1s \u00fatil que podemos hacer es rezar, adem\u00e1s de trabajar\u201d, dijo el titular de la cartera. <br \/>La preocupaci\u00f3n es entendible en una provincia que cuenta con 12 \u00e1reas y reservas naturales protegidas, de las cuales 74.000 hect\u00e1reas corresponden al bosque patag\u00f3nico y en una regi\u00f3n a la cual el fuego no dio tregua en 2015, con el incendio de 30.000 hect\u00e1reas de bosque nativo en Chubut y otros focos en Neuqu\u00e9n y R\u00edo Negro. En suma, se cree que desde octubre del 2014 a marzo de 2015 se perdieron m\u00e1s de 200.000 hect\u00e1reas en toda la regi\u00f3n.<br \/>\u201cEstamos trabajando con los mismos presupuestos e intentamos reforzar los del a\u00f1o pasado pero hay una reducci\u00f3n del presupuesto en general y estamos discutiendo con la jefatura de gabinete porque nosotros quer\u00edamos ampliar, para que por lo menos no estemos con menos de lo que tuvimos el a\u00f1o anterior, cuando hicimos un esfuerzo sustancial\u201d, confes\u00f3 Bergman. <\/p>\n","protected":false},"excerpt":{"rendered":"<p>Lo dice el ministro de ambiente argentino \u25cf\u00a0\u00a0\u00a0 El rabino Sergio Bergman responsabiliza al gobierno del que forma parte por recortes en el presupuesto<\/p>\n","protected":false},"author":93,"featured_media":0,"comment_status":"open","ping_status":"open","sticky":false,"template":"","format":"standard","meta":{"footnotes":""},"categories":[31],"tags":[],"class_list":["post-30062","post","type-post","status-publish","format-standard","hentry","category-orbe"],"_links":{"self":[{"href":"https:\/\/plazajuarez.mx\/historico\/wp-json\/wp\/v2\/posts\/30062","targetHints":{"allow":["GET"]}}],"collection":[{"href":"https:\/\/plazajuarez.mx\/historico\/wp-json\/wp\/v2\/posts"}],"about":[{"href":"https:\/\/plazajuarez.mx\/historico\/wp-json\/wp\/v2\/types\/post"}],"author":[{"embeddable":true,"href":"https:\/\/plazajuarez.mx\/historico\/wp-json\/wp\/v2\/users\/93"}],"replies":[{"embeddable":true,"href":"https:\/\/plazajuarez.mx\/historico\/wp-json\/wp\/v2\/comments?post=30062"}],"version-history":[{"count":0,"href":"https:\/\/plazajuarez.mx\/historico\/wp-json\/wp\/v2\/posts\/30062\/revisions"}],"wp:attachment":[{"href":"https:\/\/plazajuarez.mx\/historico\/wp-json\/wp\/v2\/media?parent=30062"}],"wp:term":[{"taxonomy":"category","embeddable":true,"href":"https:\/\/plazajuarez.mx\/historico\/wp-json\/wp\/v2\/categories?post=30062"},{"taxonomy":"post_tag","embeddable":true,"href":"https:\/\/plazajuarez.mx\/historico\/wp-json\/wp\/v2\/tags?post=30062"}],"curies":[{"name":"wp","href":"https:\/\/api.w.org\/{rel}","templated":true}]}}