{"id":300482,"date":"2024-03-04T01:12:43","date_gmt":"2024-03-04T07:12:43","guid":{"rendered":"https:\/\/plazajuarez.mx\/?p=300482"},"modified":"2024-03-04T01:12:46","modified_gmt":"2024-03-04T07:12:46","slug":"el-mallorca-sigue-instalado-en-una-nube","status":"publish","type":"post","link":"https:\/\/plazajuarez.mx\/historico\/el-mallorca-sigue-instalado-en-una-nube\/","title":{"rendered":"El Mallorca sigue instalado en una nube"},"content":{"rendered":"\n<p><strong>&nbsp;<\/strong>El Mallorca derrot\u00f3 este domingo por 1-0 al Girona con un gol del central Jos\u00e9 Copete en la primera parte, prolong\u00f3 su estado de gracia tras clasificarse para la final de la Copa del Rey y se distanci\u00f3 a 8 puntos de la zona de descenso de la Laliga EA Sports.<\/p>\n\n\n\n<p>El duelo de los equipos revelaci\u00f3n de Liga y Copa cay\u00f3 del lado del Mallorca, que respira en la tabla, aunque con mucho sufrimiento en el tramo final del choque, a costa del conjunto catal\u00e1n.<\/p>\n\n\n\n<p>Mallorca y Girona afrontaron el duelo con la necesidad de sumar puntos. El equipo de Javier Aguirre se jugaba poner tierra de por medio con el descenso y el de M\u00edchel S\u00e1nchez, la posibilidad de ejercer m\u00e1s presi\u00f3n al Real Madrid.<\/p>\n\n\n\n<p>Salieron mejor los bermellones, cuyos contraataques con la dupla formada por el canadiense Cyle Larin y el kosovar Vedat Muriqi crearon dificultades a la zaga visitante, sobre todo con las segundas jugadas.<\/p>\n\n\n\n<p>Al Girona le cost\u00f3 un mundo asentarse sobre el c\u00e9sped de Son Moix. Las constantes rachas de viento y la presi\u00f3n del rival fueron factores que impidieron al Girona lucir las virtudes que le han llevado a convertirse en el equipo sorpresa del campeonato.<\/p>\n\n\n\n<p>El Mallorca no pareci\u00f3 notar el tremendo esfuerzo f\u00edsico que tuvo que realizar el pasado martes para plantarse en la final de la Copa del Rey -con pr\u00f3rroga y penaltis incluidos- en el campo de la Real Sociedad.<\/p>\n\n\n\n<p>Casi siempre, al menos en el primer periodo, super\u00f3 a un Girona que ya hab\u00eda ca\u00eddo (3-2) en Palma en los cuartos de final del torneo copero.<\/p>\n\n\n\n<p>El gol de Jos\u00e9 Copete, primero de la temporada en su cuenta personal, fue un ejemplo de ello.<\/p>\n\n\n\n<p>El bal\u00f3n lleg\u00f3 al central mallorquinista tras rebotar en Larin y lo revent\u00f3 con un remate inapelable, sin que nadie de la poblada defensa visitante pudiera impedirlo.<\/p>\n\n\n\n<p>La jugada fue revisada por el VAR ya que el bal\u00f3n hab\u00eda impactado en un brazo del canadiense antes de que se introdujera en la porter\u00eda de Gazzaniga.&nbsp;<\/p>\n\n\n\n<p>Una vez m\u00e1s, un gol de un defensa mallorquinista sub\u00eda al marcador despu\u00e9s de que marcaran Nastasic ante el Rayo y G\u00edo Gonz\u00e1lez ante la Real en la Copa.<\/p>\n\n\n\n<p>El Mallorca cedi\u00f3 la iniciativa al Girona en la reanudaci\u00f3n. Aguirre sustituy\u00f3 a Valjent -que ten\u00eda tarjeta amarilla- y a Antonio S\u00e1nchez para dar entrada a Nacho Vidal y Manu Morlanes.<\/p>\n\n\n\n<p>Vidal se situ\u00f3 en el lateral derecho y G\u00edo Gonz\u00e1lez pas\u00f3 al eje de la zaga. En el conjunto catal\u00e1n entr\u00f3 al campo Portu por Iv\u00e1n Mart\u00edn en busca de reforzar el centro del campo.<\/p>\n\n\n\n<p>Los dos equipos, uno con sus l\u00edneas adelantadas en busca del empate y otro defendiendo el 1-0 con la mirada puesta en los contraataques, jugaron sus cartas en el tramo final.<\/p>\n\n\n\n<p>Pudo marcar el Mallorca en varios momentos del partido, pero m\u00e1s claras fueron la ocasiones del Girona, lanzado en busca de la igualada.<\/p>\n\n\n\n<p>El ep\u00edlogo del choque fue dram\u00e1tico para los jugadores de Javier Aguirre, que achicaron balones como pudieron para amarrar tres puntos de oro en su batalla de alejarse de la zona de descenso.<\/p>\n","protected":false},"excerpt":{"rendered":"<p>&nbsp;El Mallorca derrot\u00f3 este domingo por 1-0 al Girona con un gol del central Jos\u00e9 Copete en la primera parte, prolong\u00f3 su estado de gracia tras clasificarse para la final de la Copa del Rey y se distanci\u00f3 a 8 puntos de la zona de descenso de la Laliga EA Sports. El duelo de los [&hellip;]<\/p>\n","protected":false},"author":80,"featured_media":300483,"comment_status":"closed","ping_status":"closed","sticky":false,"template":"","format":"standard","meta":{"footnotes":""},"categories":[39],"tags":[],"class_list":["post-300482","post","type-post","status-publish","format-standard","has-post-thumbnail","hentry","category-deportiva"],"_links":{"self":[{"href":"https:\/\/plazajuarez.mx\/historico\/wp-json\/wp\/v2\/posts\/300482","targetHints":{"allow":["GET"]}}],"collection":[{"href":"https:\/\/plazajuarez.mx\/historico\/wp-json\/wp\/v2\/posts"}],"about":[{"href":"https:\/\/plazajuarez.mx\/historico\/wp-json\/wp\/v2\/types\/post"}],"author":[{"embeddable":true,"href":"https:\/\/plazajuarez.mx\/historico\/wp-json\/wp\/v2\/users\/80"}],"replies":[{"embeddable":true,"href":"https:\/\/plazajuarez.mx\/historico\/wp-json\/wp\/v2\/comments?post=300482"}],"version-history":[{"count":0,"href":"https:\/\/plazajuarez.mx\/historico\/wp-json\/wp\/v2\/posts\/300482\/revisions"}],"wp:featuredmedia":[{"embeddable":true,"href":"https:\/\/plazajuarez.mx\/historico\/wp-json\/wp\/v2\/media\/300483"}],"wp:attachment":[{"href":"https:\/\/plazajuarez.mx\/historico\/wp-json\/wp\/v2\/media?parent=300482"}],"wp:term":[{"taxonomy":"category","embeddable":true,"href":"https:\/\/plazajuarez.mx\/historico\/wp-json\/wp\/v2\/categories?post=300482"},{"taxonomy":"post_tag","embeddable":true,"href":"https:\/\/plazajuarez.mx\/historico\/wp-json\/wp\/v2\/tags?post=300482"}],"curies":[{"name":"wp","href":"https:\/\/api.w.org\/{rel}","templated":true}]}}