{"id":300442,"date":"2024-03-04T04:00:00","date_gmt":"2024-03-04T10:00:00","guid":{"rendered":"https:\/\/plazajuarez.mx\/?p=300442"},"modified":"2024-03-03T22:55:38","modified_gmt":"2024-03-04T04:55:38","slug":"aqui-estoy-jesus","status":"publish","type":"post","link":"https:\/\/plazajuarez.mx\/historico\/aqui-estoy-jesus\/","title":{"rendered":"\u00a1Aqu\u00ed estoy, Jes\u00fas!"},"content":{"rendered":"\n<h2 class=\"wp-block-heading\">FAMILIA POL\u00cdTICA<\/h2>\n\n\n\n<p><strong><em>\u201cDe pie, ante la injusticia, \u00a1Siempre de pie!\u201d.<\/em><\/strong><\/p>\n\n\n\n<p>PGH<\/p>\n\n\n\n<p><strong>Prisciliano Guti\u00e9rrez<\/strong><\/p>\n\n\n\n<p>En una peque\u00f1a ciudad de provincia, los j\u00f3venes, a\u00fan sin conocerse, c\u00edclicamente se re\u00fanen por imperativo generacional.&nbsp;<\/p>\n\n\n\n<p>Es muy f\u00e1cil encontrar s\u00f3lidas amistades entre un muchacho de La Huasteca y alguien de La Sierra o del Valle del Mezquital. Las distancias unen m\u00e1s de lo que separan.<\/p>\n\n\n\n<p>Sin duda, existen m\u00faltiples diferencias en los perfiles individuales y colectivos que la circunstancia y el transcurso del tiempo marcan de manera cotidiana; sin embargo, desde temprano, afloran en los adolescentes y j\u00f3venes, las caracter\u00edsticas que definir\u00e1n su personalidad de adultos, su trascendencia o irrelevancia en la vida p\u00fablica y privada de su familia y\/o de su sociedad.<\/p>\n\n\n\n<p>La Sierra Norte de Hidalgo, pr\u00e1cticamente se inicia en el pueblo de Mineral del Monte, a unos cuantos kil\u00f3metros de Pachuca. Las actividades comerciales, escolares, de interrelaci\u00f3n \u2026 se dan de manera muy estrecha; la distancia es corta y mucha la necesidad de convivencia, sobre todo en la primera adolescencia de Jes\u00fas Murillo Karam quien, por razones propias de su entorno familiar, adem\u00e1s de su arraigo principal en El Real, lo tuvo tambi\u00e9n con las numerosas familias de origen liban\u00e9s que se asentaron en Tulancingo y Actopan, fundamentalmente.&nbsp;<\/p>\n\n\n\n<p>Don Fortino Velasco Iza, era uno de esos personajes, quien se distingu\u00eda por su bonhom\u00eda y don de gente, que lo llevaron desde muy joven, por primera vez, a la Presidencia Municipal de Tulancingo; junto a \u00e9l, un joven abogado con quien cultivar\u00eda una amistad imperecedera.<\/p>\n\n\n\n<p>Tuve oportunidad de escuchar las versiones de ambos personajes, en relaci\u00f3n con el inicio de la carrera p\u00fablica de Murillo. Apenas reconocido el triunfo de Velasco, \u00e9ste propici\u00f3 el acercamiento a sus actividades precozmente pol\u00edticas. Fortino se dirigi\u00f3 a \u00e9l, haciendo la siguiente reflexi\u00f3n: -Jes\u00fas, ya eres abogado; s\u00e9 que quieres colaborar conmigo en el servicio p\u00fablico; te pregunto &#8211; \u00bfEn qu\u00e9 rama de la administraci\u00f3n p\u00fablica municipal te gustar\u00eda colaborar?, a lo cual, Jes\u00fas contest\u00f3 sin dudarlo un momento: -Quiero ser jefe de la polic\u00eda. -Muy bien, contest\u00f3 el Presidente electo; &#8211; \u00bfEso quieres ser? as\u00ed ser\u00e1. De inmediato le dio posesi\u00f3n de la oficina policial, a sus escasos veinte a\u00f1os. As\u00ed estuvo durante alg\u00fan tiempo, lidiando con la seguridad p\u00fablica de aqu\u00e9l industrioso rinc\u00f3n de la geograf\u00eda hidalguense, en donde aparentemente la vida es muy tranquila, pero no dejan de aparecer peque\u00f1os brotes de inconformidad y a\u00fan de violencia, como ocurre en cualquier municipio.<\/p>\n\n\n\n<p>As\u00ed, el joven Abogado Murillo Karam, cumpli\u00f3 su deseo de ser jefe de la polic\u00eda en el pueblo, al mismo tiempo que se preparaba como abogado postulante y para nuevas responsabilidades en el servicio p\u00fablico. De esta manera, intervino en la vida universitaria local, fue Director de la Escuela Preparatoria n\u00famero dos, de la Universidad Aut\u00f3noma de Hidalgo, despu\u00e9s Subprocurador General de Justicia del Estado, en donde inici\u00f3 su larga permanencia al lado del enorme pol\u00edtico hidalguense, Don Jorge Rojo Lugo.<\/p>\n\n\n\n<p>\u00c1vido lector, inquieto, cr\u00edtico de los textos que repasaba; era capaz, me consta, de comentar un libro con solo analizar el pr\u00f3logo.&nbsp;<\/p>\n\n\n\n<p>En ese orden de ideas, recuerdo un comentario que me hizo, en relaci\u00f3n con una visita parlamentaria que realiz\u00f3 a la Universidad de Salamanca, en Espa\u00f1a, en donde la figura de Don Miguel de Unamuno llenaba todo el universo acad\u00e9mico. En el veh\u00edculo en que ser\u00edan trasladados a las imponentes reuniones, cada asiento estaba provisto con un ejemplar de la Constituci\u00f3n espa\u00f1ola. El inquieto Murillo, \u00e1vidamente se nutri\u00f3 del pr\u00f3logo y ya, durante los trabajos, expuso algo de lo le\u00eddo. Con tal fortuna que varios de los asistentes se expresaron de \u00e9l, consider\u00e1ndolo un estudioso y conocedor de aquella Constituci\u00f3n.&nbsp;<\/p>\n\n\n\n<p>Durante su paso por la Secretar\u00eda de la Reforma Agraria, le dec\u00edan que era \u201cEl Subsecretario sin cartera\u201d, pues conoc\u00eda de asuntos inherentes a pr\u00e1cticamente todas las \u00e1reas de competencia de la dependencia.<\/p>\n\n\n\n<p>Por cuestiones de pol\u00edtica interna dentro del Estado, el Licenciado Rojo Lugo regres\u00f3 a Hidalgo para retomar las riendas del gobierno. Jes\u00fas Murillo Karam fue nombrado Secretario General de Gobierno. Despu\u00e9s conquist\u00f3 la diputaci\u00f3n federal, por uno de los distritos de Hidalgo.<\/p>\n\n\n\n<p>Orador brillante, s\u00f3lido argumentador; particip\u00f3 en el affaire, en el cual, Porfirio Mu\u00f1oz Ledo y Cuauht\u00e9moc C\u00e1rdenas, rompieron con el PRI; lo anterior dio origen al PRD, pero el PRI, en mucho, gracias a Don Jes\u00fas, mantuvo su hegemon\u00eda en Hidalgo.<\/p>\n\n\n\n<p>Presidente del Comit\u00e9 Directivo Estatal, Delegado General del PRI en varias entidades federativas, Gobernador de Hidalgo (sin duda, uno de los mejores). As\u00ed era Murillo: vibrante, en\u00e9rgico, violento, claridoso, siempre bien intencionado\u2026 Debo confesar que alguna vez nos peleamos, solo para reafirmar despu\u00e9s, una amistad que espero perdure toda la vida.<\/p>\n\n\n\n<p>Respeto y admiro a Jes\u00fas Murillo Karam. S\u00e9 y me consta su extremo valor para afrontar las vicisitudes de la existencia; no lo arredran las tempestades ni le espantan los remolinos, tiene el valor suficiente para mirar de frente a su circunstancia y a aliarse con ella para trascender juntos.<\/p>\n\n\n\n<p>Conozco el esmero que siempre puso en el cumplimiento de sus obligaciones; los matices de la \u00e9tica que norma su conducta. En materia jur\u00eddica y criminol\u00f3gica, s\u00e9 que cuando afirma algo, es porque as\u00ed lo cree, porque est\u00e1 convencido, nunca por salvar su reputaci\u00f3n o liberarse de una posible culpa.<\/p>\n\n\n\n<p>Hace unos d\u00edas, en el programa matutino de noticias de Ciro G\u00f3mez Leyva, Gaby Murillo (su hija), nos reclam\u00f3 a todos: al sistema pol\u00edtico, al sistema jur\u00eddico, a las instituciones, a sus amigos\u2026 que estamos dejando s\u00f3lo a su pap\u00e1. Tienes raz\u00f3n Gaby, es poco lo que se puede hacer, lo \u00fanico que digo, es que comparto contigo el sentido de la injusticia y levanto la mano para decir \u00a1Aqu\u00ed estoy, Jes\u00fas!<\/p>\n","protected":false},"excerpt":{"rendered":"<p>FAMILIA POL\u00cdTICA \u201cDe pie, ante la injusticia, \u00a1Siempre de pie!\u201d. PGH Prisciliano Guti\u00e9rrez En una peque\u00f1a ciudad de provincia, los j\u00f3venes, a\u00fan sin conocerse, c\u00edclicamente se re\u00fanen por imperativo generacional.&nbsp; Es muy f\u00e1cil encontrar s\u00f3lidas amistades entre un muchacho de La Huasteca y alguien de La Sierra o del Valle del Mezquital. Las distancias unen [&hellip;]<\/p>\n","protected":false},"author":89,"featured_media":241781,"comment_status":"closed","ping_status":"closed","sticky":false,"template":"","format":"standard","meta":{"footnotes":""},"categories":[41,42,50],"tags":[],"class_list":["post-300442","post","type-post","status-publish","format-standard","has-post-thumbnail","hentry","category-arteria-cultural","category-nuestrapalabra","category-prisciliano-gutierrez"],"_links":{"self":[{"href":"https:\/\/plazajuarez.mx\/historico\/wp-json\/wp\/v2\/posts\/300442","targetHints":{"allow":["GET"]}}],"collection":[{"href":"https:\/\/plazajuarez.mx\/historico\/wp-json\/wp\/v2\/posts"}],"about":[{"href":"https:\/\/plazajuarez.mx\/historico\/wp-json\/wp\/v2\/types\/post"}],"author":[{"embeddable":true,"href":"https:\/\/plazajuarez.mx\/historico\/wp-json\/wp\/v2\/users\/89"}],"replies":[{"embeddable":true,"href":"https:\/\/plazajuarez.mx\/historico\/wp-json\/wp\/v2\/comments?post=300442"}],"version-history":[{"count":0,"href":"https:\/\/plazajuarez.mx\/historico\/wp-json\/wp\/v2\/posts\/300442\/revisions"}],"wp:featuredmedia":[{"embeddable":true,"href":"https:\/\/plazajuarez.mx\/historico\/wp-json\/wp\/v2\/media\/241781"}],"wp:attachment":[{"href":"https:\/\/plazajuarez.mx\/historico\/wp-json\/wp\/v2\/media?parent=300442"}],"wp:term":[{"taxonomy":"category","embeddable":true,"href":"https:\/\/plazajuarez.mx\/historico\/wp-json\/wp\/v2\/categories?post=300442"},{"taxonomy":"post_tag","embeddable":true,"href":"https:\/\/plazajuarez.mx\/historico\/wp-json\/wp\/v2\/tags?post=300442"}],"curies":[{"name":"wp","href":"https:\/\/api.w.org\/{rel}","templated":true}]}}