{"id":300363,"date":"2024-03-02T12:20:51","date_gmt":"2024-03-02T18:20:51","guid":{"rendered":"https:\/\/plazajuarez.mx\/?p=300363"},"modified":"2024-03-02T18:57:25","modified_gmt":"2024-03-03T00:57:25","slug":"claudia-sheinbaum-abre-pagina-oficial-de-campana-para-dar-a-conocer-proyecto-de-nacion","status":"publish","type":"post","link":"https:\/\/plazajuarez.mx\/historico\/claudia-sheinbaum-abre-pagina-oficial-de-campana-para-dar-a-conocer-proyecto-de-nacion\/","title":{"rendered":"CLAUDIA SHEINBAUM ABRE P\u00c1GINA OFICIAL DE CAMPA\u00d1A PARA DAR A CONOCER PROYECTO DE NACI\u00d3N"},"content":{"rendered":"\n<p>Con el objetivo de informar a las y los mexicanos de manera clara y precisa sobre el segundo piso de la Cuarta Transformaci\u00f3n, la candidata de la coalici\u00f3n \u201cSigamos Haciendo Historia\u201d a la Presidencia de la Rep\u00fablica, Claudia Sheinbaum Pardo, abri\u00f3 su p\u00e1gina oficial de campa\u00f1a, donde est\u00e1 disponible su Proyecto de Naci\u00f3n, as\u00ed como su semblanza, sus logros como Jefa de Gobierno de la Ciudad de M\u00e9xico y sus principales actividades de campa\u00f1a.<\/p>\n\n\n\n<p>\u201cSoy hija, madre, abuela y esposa; acad\u00e9mica, investigadora, cient\u00edfica y orgullosamente mexicana\u201d, es parte de la descripci\u00f3n que hace la abanderada de Morena, Partido del Trabajo (PT) y Partido Verde Ecologista de M\u00e9xico (PVEM).<\/p>\n\n\n\n<p>Uno de los apartados m\u00e1s importantes es el Proyecto de Naci\u00f3n, donde se puede consultar los 100 puntos estrat\u00e9gicos con los que busca construir el segundo piso de la Cuarta Transformaci\u00f3n de la vida p\u00fablica de M\u00e9xico.<\/p>\n\n\n\n<p>Tambi\u00e9n se encuentra disponible su formaci\u00f3n acad\u00e9mica en la Universidad Nacional Aut\u00f3noma de M\u00e9xico (UNAM), donde estudi\u00f3 la Licenciatura en F\u00edsica, la Maestr\u00eda en Ingenier\u00eda Energ\u00e9tica y la primera doctora en Ingenier\u00eda Energ\u00e9tica. Es investigadora y miembro de la Academia Mexicana de Ciencias y en 2007 fue parte del Panel de Expertos en Cambio Clim\u00e1tico que gan\u00f3 el Premio Nobel de la Paz.<\/p>\n\n\n\n<p>En un apartado se puede acceder a su historia en la academia y en otro a su trayectoria dentro del Movimiento Regeneraci\u00f3n Nacional (Morena); adem\u00e1s, con la secci\u00f3n \u201cGoogle Acad\u00e9mico\u201d se pueden consultar todas sus m\u00e1s de 100 publicaciones especializadas como experta en materia de cambio clim\u00e1tico, energ\u00eda y desarrollo sustentable, as\u00ed como sus dos libros.<\/p>\n\n\n\n<p>Finalmente, resalta una secci\u00f3n para acceder a todos los podcasts \u201cSheinBOOM\u201d, que la doctora realiza semanalmente con invitados especiales, as\u00ed como la informaci\u00f3n m\u00e1s relevante de sus giras de campa\u00f1a.<\/p>\n","protected":false},"excerpt":{"rendered":"<p>Con el objetivo de informar a las y los mexicanos de manera clara y precisa sobre el segundo piso de la Cuarta Transformaci\u00f3n, la candidata de la coalici\u00f3n \u201cSigamos Haciendo Historia\u201d a la Presidencia de la Rep\u00fablica, Claudia Sheinbaum Pardo, abri\u00f3 su p\u00e1gina oficial de campa\u00f1a, donde est\u00e1 disponible su Proyecto de Naci\u00f3n, as\u00ed como [&hellip;]<\/p>\n","protected":false},"author":93,"featured_media":300302,"comment_status":"closed","ping_status":"closed","sticky":false,"template":"","format":"standard","meta":{"footnotes":""},"categories":[15,59,36],"tags":[],"class_list":["post-300363","post","type-post","status-publish","format-standard","has-post-thumbnail","hentry","category-destacadas","category-general","category-nacion"],"_links":{"self":[{"href":"https:\/\/plazajuarez.mx\/historico\/wp-json\/wp\/v2\/posts\/300363","targetHints":{"allow":["GET"]}}],"collection":[{"href":"https:\/\/plazajuarez.mx\/historico\/wp-json\/wp\/v2\/posts"}],"about":[{"href":"https:\/\/plazajuarez.mx\/historico\/wp-json\/wp\/v2\/types\/post"}],"author":[{"embeddable":true,"href":"https:\/\/plazajuarez.mx\/historico\/wp-json\/wp\/v2\/users\/93"}],"replies":[{"embeddable":true,"href":"https:\/\/plazajuarez.mx\/historico\/wp-json\/wp\/v2\/comments?post=300363"}],"version-history":[{"count":0,"href":"https:\/\/plazajuarez.mx\/historico\/wp-json\/wp\/v2\/posts\/300363\/revisions"}],"wp:featuredmedia":[{"embeddable":true,"href":"https:\/\/plazajuarez.mx\/historico\/wp-json\/wp\/v2\/media\/300302"}],"wp:attachment":[{"href":"https:\/\/plazajuarez.mx\/historico\/wp-json\/wp\/v2\/media?parent=300363"}],"wp:term":[{"taxonomy":"category","embeddable":true,"href":"https:\/\/plazajuarez.mx\/historico\/wp-json\/wp\/v2\/categories?post=300363"},{"taxonomy":"post_tag","embeddable":true,"href":"https:\/\/plazajuarez.mx\/historico\/wp-json\/wp\/v2\/tags?post=300363"}],"curies":[{"name":"wp","href":"https:\/\/api.w.org\/{rel}","templated":true}]}}