{"id":300357,"date":"2024-03-02T12:11:31","date_gmt":"2024-03-02T18:11:31","guid":{"rendered":"https:\/\/plazajuarez.mx\/?p=300357"},"modified":"2024-03-02T12:11:33","modified_gmt":"2024-03-02T18:11:33","slug":"verstappen-ha-sido-inesperado-pero-hemos-dado-ese-paso-que-hacia-falta","status":"publish","type":"post","link":"https:\/\/plazajuarez.mx\/historico\/verstappen-ha-sido-inesperado-pero-hemos-dado-ese-paso-que-hacia-falta\/","title":{"rendered":"Verstappen: &#8220;Ha sido inesperado, pero hemos dado ese paso que hac\u00eda falta&#8221;"},"content":{"rendered":"\n<p>El piloto neerland\u00e9s Max Verstappen (Red Bull), que firm\u00f3 la primera &#8216;pole position&#8217; de la temporada en el Gran Premio de Bar\u00e9in, resalt\u00f3 que la primera plaza fue algo &#8220;inesperado&#8221;, pero asegur\u00f3 que este s\u00e1bado dieron &#8220;ese paso que hac\u00eda falta en la calificaci\u00f3n&#8221;.<\/p>\n\n\n\n<p>Verstappen, justo despu\u00e9s de lograr su primera &#8216;pole&#8217; del a\u00f1o en el primer gran premio de la temporada, coment\u00f3 que el coche mejor\u00f3 en la calificaci\u00f3n a pesar de que siguen teniendo que &#8220;afinar unas cosas para encontrar el equilibrio&#8221;, y se mostr\u00f3 muy satisfecho por salir este s\u00e1bado desde la primera l\u00ednea.<\/p>\n\n\n\n<p>&#8220;Con el viento no pudimos mejorar del todo, pero en la qualy hemos dado ese paso que nos hac\u00eda falta&#8221;, resalt\u00f3 &#8216;Mad Max&#8217;, que busca su cuarto t\u00edtulo consecutivo al volante de un Red Bull y que incidi\u00f3 en que no pudo &#8220;hacer una vuelta perfecta&#8221; por el viento.<\/p>\n\n\n\n<p>Con un tiempo de un minuto, 29 segundos y 179 mil\u00e9simas, el neerland\u00e9s saldr\u00e1 desde la primera posici\u00f3n este s\u00e1bado en el circuito de Sakhir (Bar\u00e9in), en una carrera que &#8220;tiene buena pinta&#8221; y en la que &#8220;conf\u00eda&#8221; en poder ganar a pesar de que el viento le impidi\u00f3 terminar de afinar el coche.<strong>&nbsp;<\/strong><\/p>\n\n\n\n<p><strong>..<\/strong><\/p>\n","protected":false},"excerpt":{"rendered":"<p>El piloto neerland\u00e9s Max Verstappen (Red Bull), que firm\u00f3 la primera &#8216;pole position&#8217; de la temporada en el Gran Premio de Bar\u00e9in, resalt\u00f3 que la primera plaza fue algo &#8220;inesperado&#8221;, pero asegur\u00f3 que este s\u00e1bado dieron &#8220;ese paso que hac\u00eda falta en la calificaci\u00f3n&#8221;. Verstappen, justo despu\u00e9s de lograr su primera &#8216;pole&#8217; del a\u00f1o en [&hellip;]<\/p>\n","protected":false},"author":80,"featured_media":300358,"comment_status":"closed","ping_status":"closed","sticky":false,"template":"","format":"standard","meta":{"footnotes":""},"categories":[39],"tags":[],"class_list":["post-300357","post","type-post","status-publish","format-standard","has-post-thumbnail","hentry","category-deportiva"],"_links":{"self":[{"href":"https:\/\/plazajuarez.mx\/historico\/wp-json\/wp\/v2\/posts\/300357","targetHints":{"allow":["GET"]}}],"collection":[{"href":"https:\/\/plazajuarez.mx\/historico\/wp-json\/wp\/v2\/posts"}],"about":[{"href":"https:\/\/plazajuarez.mx\/historico\/wp-json\/wp\/v2\/types\/post"}],"author":[{"embeddable":true,"href":"https:\/\/plazajuarez.mx\/historico\/wp-json\/wp\/v2\/users\/80"}],"replies":[{"embeddable":true,"href":"https:\/\/plazajuarez.mx\/historico\/wp-json\/wp\/v2\/comments?post=300357"}],"version-history":[{"count":0,"href":"https:\/\/plazajuarez.mx\/historico\/wp-json\/wp\/v2\/posts\/300357\/revisions"}],"wp:featuredmedia":[{"embeddable":true,"href":"https:\/\/plazajuarez.mx\/historico\/wp-json\/wp\/v2\/media\/300358"}],"wp:attachment":[{"href":"https:\/\/plazajuarez.mx\/historico\/wp-json\/wp\/v2\/media?parent=300357"}],"wp:term":[{"taxonomy":"category","embeddable":true,"href":"https:\/\/plazajuarez.mx\/historico\/wp-json\/wp\/v2\/categories?post=300357"},{"taxonomy":"post_tag","embeddable":true,"href":"https:\/\/plazajuarez.mx\/historico\/wp-json\/wp\/v2\/tags?post=300357"}],"curies":[{"name":"wp","href":"https:\/\/api.w.org\/{rel}","templated":true}]}}