{"id":300201,"date":"2024-03-01T14:17:56","date_gmt":"2024-03-01T20:17:56","guid":{"rendered":"https:\/\/plazajuarez.mx\/?p=300201"},"modified":"2024-03-01T14:17:58","modified_gmt":"2024-03-01T20:17:58","slug":"kun-aguero-volvera-a-jugar-en-independiente-para-un-amistoso-por-sus-120-anos","status":"publish","type":"post","link":"https:\/\/plazajuarez.mx\/historico\/kun-aguero-volvera-a-jugar-en-independiente-para-un-amistoso-por-sus-120-anos\/","title":{"rendered":"&#8216;Kun&#8217; Ag\u00fcero volver\u00e1 a jugar en Independiente&#8230; para un amistoso por sus 120 a\u00f1os"},"content":{"rendered":"\n<p class=\"wp-block-paragraph\">El exfutbolista argentino Sergio &#8216;Kun&#8217; Ag\u00fcero volver\u00e1 a vestir la camiseta de Independiente; pero, lejos del sue\u00f1o que tienen muchos aficionados del &#8216;Rojo&#8217; de verle reaparecer, ser\u00e1 s\u00f3lo en un partido amistoso en el marco de los 120 a\u00f1os de historia del &#8216;Rey de Copas&#8217;, que se cumplen este 2024.<\/p>\n\n\n\n<p class=\"wp-block-paragraph\">&#8220;Nos sobran los motivos para celebrar, porque no hay nada m\u00e1s lindo que ser hincha de Independiente&#8221;, expresa en sus redes sociales el club heptacampe\u00f3n de la Copa Libertadores para hablar de un encuentro especial, en el que no s\u00f3lo el exfutbolista del Atl\u00e9tico de Madrid y del Manchester City se vestir\u00e1 de &#8216;rojo&#8217;, sino tambi\u00e9n su leyenda, Richardo Enrique &#8216;Bocha&#8217; Bochini.<\/p>\n\n\n\n<p class=\"wp-block-paragraph\">La denominada &#8216;Noche del Rey&#8217;, por su apodo relacionado con sus siete triunfos en la Libertadores (1964, 1965, 1972, 1973, 1974, 1975 y 1984), promete ser un espect\u00e1culo plagado de leyendas para los seguidores del equipo de la localidad de Avellaneda.<\/p>\n\n\n\n<p class=\"wp-block-paragraph\">&#8220;Por eso les esperamos a todos para celebrar la primera edici\u00f3n de la \u2018Noche del Rey\u2019. Con el Bocha vamos a pasarla bien&#8221;, dice el &#8216;Kun&#8217;, quien esta semana desminti\u00f3 que vaya a regresar al f\u00fatbol profesional con el Independiente, pese a que muchos le situaban ya en los entrenamientos a las \u00f3rdenes de su excompa\u00f1ero en la selecci\u00f3n Carlos T\u00e9vez.<\/p>\n\n\n\n<p class=\"wp-block-paragraph\">Bochini, de 70 a\u00f1os, es uno de los m\u00e1ximos \u00eddolos del &#8216;Rojo&#8217;, y sus goles y gambetas convirtieron al conjunto en el &#8216;Rey de Copas&#8217;; en sus alforjas guarda cuatro de las siete Libertadores del club (1973, 1974, 1975 y 1984), adem\u00e1s de dos t\u00edtulos de la Copa Intercontinental (1973 y 1984).<\/p>\n\n\n\n<p class=\"wp-block-paragraph\">Precisamente, 1984 -es decir, hace cuatro d\u00e9cadas- fue el \u00faltimo a\u00f1o en que el &#8216;Rojo&#8217; obtuvo un t\u00edtulo internacional y alcanz\u00f3 el r\u00e9cord que, a\u00fan hoy, sigue imbatido en el f\u00fatbol sudamericano.<\/p>\n\n\n\n<p class=\"wp-block-paragraph\">Por su parte, el m\u00e1ximo goleador en la historia del conjunto ingl\u00e9s abandon\u00f3 Independiente con 18 a\u00f1os rumbo a su exitoso periplo europeo, tras cuatro temporadas en la entidad, siendo la \u00faltima la m\u00e1s sobresaliente con 18 goles y 5 asistencias en 38 partidos.<\/p>\n\n\n\n<p class=\"wp-block-paragraph\">Una enfermedad card\u00edaca hizo el jugador tuviera que retirarse en 2021, con 33 a\u00f1os, cuando acababa de fichar por el F.C. Barcelona.<\/p>\n\n\n\n<p class=\"wp-block-paragraph\">El club que cuenta con 140.000 socios incluy\u00f3 en el video en el que explica la &#8216;Noche del Rey&#8217; a futbolistas hist\u00f3ricos como Antonio Sastre, Arsenio Erico o Vicente De la Mata; tambi\u00e9n al portero titular de la selecci\u00f3n argentina y campe\u00f3n con la Albiceleste en el Mundial de Qatar 2022, Emiliano Mart\u00ednez, quien se form\u00f3 en las categor\u00edas inferiores del club antes de fichar por el Arsenal ingl\u00e9s.<\/p>\n\n\n\n<p class=\"wp-block-paragraph\">Con este evento, el &#8216;Rojo&#8217; da el pistoletazo de salida a los festejos por los &#8216;120 a\u00f1os de Orgullo y Tradici\u00f3n&#8217; del club, fundado el 4 de agosto de 1904, aunque su fecha oficial se considera el 1 de enero de 1095.<\/p>\n","protected":false},"excerpt":{"rendered":"<p>El exfutbolista argentino Sergio &#8216;Kun&#8217; Ag\u00fcero volver\u00e1 a vestir la camiseta de Independiente; pero, lejos del sue\u00f1o que tienen muchos aficionados del &#8216;Rojo&#8217; de verle reaparecer, ser\u00e1 s\u00f3lo en un partido amistoso en el marco de los 120 a\u00f1os de historia del &#8216;Rey de Copas&#8217;, que se cumplen este 2024. &#8220;Nos sobran los motivos para [&hellip;]<\/p>\n","protected":false},"author":80,"featured_media":300202,"comment_status":"closed","ping_status":"closed","sticky":false,"template":"","format":"standard","meta":{"footnotes":""},"categories":[39],"tags":[],"class_list":["post-300201","post","type-post","status-publish","format-standard","has-post-thumbnail","hentry","category-deportiva"],"_links":{"self":[{"href":"https:\/\/plazajuarez.mx\/historico\/wp-json\/wp\/v2\/posts\/300201","targetHints":{"allow":["GET"]}}],"collection":[{"href":"https:\/\/plazajuarez.mx\/historico\/wp-json\/wp\/v2\/posts"}],"about":[{"href":"https:\/\/plazajuarez.mx\/historico\/wp-json\/wp\/v2\/types\/post"}],"author":[{"embeddable":true,"href":"https:\/\/plazajuarez.mx\/historico\/wp-json\/wp\/v2\/users\/80"}],"replies":[{"embeddable":true,"href":"https:\/\/plazajuarez.mx\/historico\/wp-json\/wp\/v2\/comments?post=300201"}],"version-history":[{"count":0,"href":"https:\/\/plazajuarez.mx\/historico\/wp-json\/wp\/v2\/posts\/300201\/revisions"}],"wp:featuredmedia":[{"embeddable":true,"href":"https:\/\/plazajuarez.mx\/historico\/wp-json\/wp\/v2\/media\/300202"}],"wp:attachment":[{"href":"https:\/\/plazajuarez.mx\/historico\/wp-json\/wp\/v2\/media?parent=300201"}],"wp:term":[{"taxonomy":"category","embeddable":true,"href":"https:\/\/plazajuarez.mx\/historico\/wp-json\/wp\/v2\/categories?post=300201"},{"taxonomy":"post_tag","embeddable":true,"href":"https:\/\/plazajuarez.mx\/historico\/wp-json\/wp\/v2\/tags?post=300201"}],"curies":[{"name":"wp","href":"https:\/\/api.w.org\/{rel}","templated":true}]}}