{"id":300186,"date":"2024-03-01T14:07:35","date_gmt":"2024-03-01T20:07:35","guid":{"rendered":"https:\/\/plazajuarez.mx\/?p=300186"},"modified":"2024-03-01T18:05:32","modified_gmt":"2024-03-02T00:05:32","slug":"ambientalistas-limpiaran-con-una-medusa-de-cabello-el-rio-mas-contaminado-de-mexico","status":"publish","type":"post","link":"https:\/\/plazajuarez.mx\/historico\/ambientalistas-limpiaran-con-una-medusa-de-cabello-el-rio-mas-contaminado-de-mexico\/","title":{"rendered":"Ambientalistas limpiar\u00e1n con una &#8216;Medusa&#8217; de cabello el r\u00edo m\u00e1s contaminado de M\u00e9xico"},"content":{"rendered":"\n<p class=\"wp-block-paragraph\">Ambientalistas anunciaron este viernes el proyecto &#8216;Medusa&#8217;, en el que crear\u00e1n una red de cabello humano para limpiar el r\u00edo Santiago, considerado el m\u00e1s contaminado de M\u00e9xico, y que afecta en especial a pobladores de El Salto y Juanacatl\u00e1n, en Jalisco, estado del oeste del pa\u00eds.<\/p>\n\n\n\n<p class=\"wp-block-paragraph\">Ang\u00e9lica Barba, artista impulsora de &#8216;Medusa&#8217;, explic\u00f3 en una conferencia de prensa que reunieron una tonelada de cabello donado para tender una red en uno de los puntos del r\u00edo, de manera que esta materia org\u00e1nica absorba parte de los metales pesados y contaminantes en el agua.<\/p>\n\n\n\n<p class=\"wp-block-paragraph\">Se\u00f1al\u00f3 que vivir a diario la contaminaci\u00f3n del agua y los olores motiv\u00f3 a un grupo de personas a innovar para limpiar el cauce y evitar las enfermedades con estrategias que involucren tambi\u00e9n el arte.<\/p>\n\n\n\n<p class=\"wp-block-paragraph\">\u201cVer esta devastaci\u00f3n ambiental que ocurre y que no es nueva, sino que tiene unos 40 a\u00f1os, adem\u00e1s de ser muy triste es una invitaci\u00f3n a trabajar en proponer una estrategia que fue pensada como un proyecto ecoart\u00edstico desde una perspectiva feminista, haciendo un acercamiento m\u00e1s personal a la problem\u00e1tica&#8221;, explic\u00f3.<\/p>\n\n\n\n<p class=\"wp-block-paragraph\">La Comisi\u00f3n Interamericana de Derechos Humanos (CIDH) emiti\u00f3 en 2020 la resoluci\u00f3n 07\/2020 para otorgar medidas cautelares a favor de pobladores de las zonas aleda\u00f1as al r\u00edo Santiago, al advertir de la \u201cgravedad y urgencia de riesgo de da\u00f1o irreparable a sus derechos\u201d por la poluci\u00f3n del afluente y del lago de Chapala.<\/p>\n\n\n\n<p class=\"wp-block-paragraph\">Los ambientalistas citaron estudios de instancias nacionales e internacionales que han documentado la presencia de metales pesados y otras sustancias emitidas por cientos de industrias asentadas en el cauce del r\u00edo que han provocado incrementos en padecimientos como enfermedad renal y diversos tipos de c\u00e1ncer en los pueblos cercanos.<\/p>\n\n\n\n<p class=\"wp-block-paragraph\">&#8216;Medusa&#8217; tendr\u00e1 como base una red de estambre tejido por la artista Cassandra Vega sobre una llanta con decenas de tent\u00e1culos que sujetar\u00e1n medias de nylon, cada una rellena con cerca de entre 200 o 300 gr de cabello que flotar\u00e1n en el agua, detall\u00f3 Alitzel Garc\u00eda Mayorga, impulsora del proyecto.<\/p>\n\n\n\n<p class=\"wp-block-paragraph\">La red se colocar\u00e1 en el r\u00edo el pr\u00f3ximo 22 de marzo en el marco del D\u00eda Mundial del Agua y permanecer\u00e1 ah\u00ed durante algunos meses para presentarse en una exposici\u00f3n que sensibilice al p\u00fablico de las consecuencias de que este cauce est\u00e9 altamente contaminado.<\/p>\n\n\n\n<p class=\"wp-block-paragraph\">Eduardo Santana, director del Museo de Ciencias Ambientales, instancia que apoya esta iniciativa, indic\u00f3 que se ha comprobado cient\u00edficamente que el cabello puede limpiar metales pesados, aunque est\u00e1n conscientes de que esta medida no solucionar\u00e1 todo el problema.<\/p>\n","protected":false},"excerpt":{"rendered":"<p>Ambientalistas anunciaron este viernes el proyecto &#8216;Medusa&#8217;, en el que crear\u00e1n una red de cabello humano para limpiar el r\u00edo Santiago, considerado el m\u00e1s contaminado de M\u00e9xico, y que afecta en especial a pobladores de El Salto y Juanacatl\u00e1n, en Jalisco, estado del oeste del pa\u00eds. Ang\u00e9lica Barba, artista impulsora de &#8216;Medusa&#8217;, explic\u00f3 en una [&hellip;]<\/p>\n","protected":false},"author":80,"featured_media":300187,"comment_status":"closed","ping_status":"closed","sticky":false,"template":"","format":"standard","meta":{"footnotes":""},"categories":[36],"tags":[],"class_list":["post-300186","post","type-post","status-publish","format-standard","has-post-thumbnail","hentry","category-nacion"],"_links":{"self":[{"href":"https:\/\/plazajuarez.mx\/historico\/wp-json\/wp\/v2\/posts\/300186","targetHints":{"allow":["GET"]}}],"collection":[{"href":"https:\/\/plazajuarez.mx\/historico\/wp-json\/wp\/v2\/posts"}],"about":[{"href":"https:\/\/plazajuarez.mx\/historico\/wp-json\/wp\/v2\/types\/post"}],"author":[{"embeddable":true,"href":"https:\/\/plazajuarez.mx\/historico\/wp-json\/wp\/v2\/users\/80"}],"replies":[{"embeddable":true,"href":"https:\/\/plazajuarez.mx\/historico\/wp-json\/wp\/v2\/comments?post=300186"}],"version-history":[{"count":0,"href":"https:\/\/plazajuarez.mx\/historico\/wp-json\/wp\/v2\/posts\/300186\/revisions"}],"wp:featuredmedia":[{"embeddable":true,"href":"https:\/\/plazajuarez.mx\/historico\/wp-json\/wp\/v2\/media\/300187"}],"wp:attachment":[{"href":"https:\/\/plazajuarez.mx\/historico\/wp-json\/wp\/v2\/media?parent=300186"}],"wp:term":[{"taxonomy":"category","embeddable":true,"href":"https:\/\/plazajuarez.mx\/historico\/wp-json\/wp\/v2\/categories?post=300186"},{"taxonomy":"post_tag","embeddable":true,"href":"https:\/\/plazajuarez.mx\/historico\/wp-json\/wp\/v2\/tags?post=300186"}],"curies":[{"name":"wp","href":"https:\/\/api.w.org\/{rel}","templated":true}]}}