{"id":30016,"date":"2016-10-13T14:44:25","date_gmt":"2016-10-13T14:44:25","guid":{"rendered":"http:\/\/plazajuarez.mx\/index\/index.php\/2016\/10\/13\/zayn-malik-disenara-junto-a-donatella-versace\/"},"modified":"2016-10-13T14:44:25","modified_gmt":"2016-10-13T14:44:25","slug":"zayn-malik-disenara-junto-a-donatella-versace","status":"publish","type":"post","link":"https:\/\/plazajuarez.mx\/historico\/zayn-malik-disenara-junto-a-donatella-versace\/","title":{"rendered":"Zayn Malik dise\u00f1ar\u00e1 junto a Donatella Versace"},"content":{"rendered":"<p>Colaborar\u00e1 en el dise\u00f1o de una colecci\u00f3n c\u00e1psula para Versus Versace<\/p>\n<p>  <!--more-->  <\/p>\n<p>El ex componente de &#8220;One Direction&#8221; Zayn Malik colaborar\u00e1 en el dise\u00f1o de una colecci\u00f3n c\u00e1psula para Versus Versace, la l\u00ednea de Versace fundada en 1989, inform\u00f3 la casa milanesa en las redes sociales.<br \/>&#8220;Versus tiene el orgullo de anunciar nuestra colaboraci\u00f3n con la superestrella mundial @zaynmalik&#8221;, inform\u00f3 Versace en sus perfiles de Twitter y Facebook.<br \/>De esta manera, Zayn trabajar\u00e1 en colaboraci\u00f3n con la dise\u00f1adora Donatella Versace para elaborar una colecci\u00f3n dirigida tanto para hombres como mujeres y que ser\u00e1 presentada previsiblemente en mayo de 2017.<br \/>El cantante ser\u00e1 tambi\u00e9n el protagonista de las pr\u00f3ximas dos campa\u00f1as publicitarias para Versus Versace, la primera ser\u00e1 presentada en febrero y la segunda a finales del pr\u00f3ximo a\u00f1o.<\/p>\n","protected":false},"excerpt":{"rendered":"<p>Colaborar\u00e1 en el dise\u00f1o de una colecci\u00f3n c\u00e1psula para Versus Versace<\/p>\n","protected":false},"author":93,"featured_media":0,"comment_status":"open","ping_status":"open","sticky":false,"template":"","format":"standard","meta":{"footnotes":""},"categories":[38],"tags":[],"class_list":["post-30016","post","type-post","status-publish","format-standard","hentry","category-show"],"_links":{"self":[{"href":"https:\/\/plazajuarez.mx\/historico\/wp-json\/wp\/v2\/posts\/30016","targetHints":{"allow":["GET"]}}],"collection":[{"href":"https:\/\/plazajuarez.mx\/historico\/wp-json\/wp\/v2\/posts"}],"about":[{"href":"https:\/\/plazajuarez.mx\/historico\/wp-json\/wp\/v2\/types\/post"}],"author":[{"embeddable":true,"href":"https:\/\/plazajuarez.mx\/historico\/wp-json\/wp\/v2\/users\/93"}],"replies":[{"embeddable":true,"href":"https:\/\/plazajuarez.mx\/historico\/wp-json\/wp\/v2\/comments?post=30016"}],"version-history":[{"count":0,"href":"https:\/\/plazajuarez.mx\/historico\/wp-json\/wp\/v2\/posts\/30016\/revisions"}],"wp:attachment":[{"href":"https:\/\/plazajuarez.mx\/historico\/wp-json\/wp\/v2\/media?parent=30016"}],"wp:term":[{"taxonomy":"category","embeddable":true,"href":"https:\/\/plazajuarez.mx\/historico\/wp-json\/wp\/v2\/categories?post=30016"},{"taxonomy":"post_tag","embeddable":true,"href":"https:\/\/plazajuarez.mx\/historico\/wp-json\/wp\/v2\/tags?post=30016"}],"curies":[{"name":"wp","href":"https:\/\/api.w.org\/{rel}","templated":true}]}}