{"id":299903,"date":"2024-02-29T05:00:00","date_gmt":"2024-02-29T11:00:00","guid":{"rendered":"https:\/\/plazajuarez.mx\/?p=299903"},"modified":"2024-02-28T22:17:51","modified_gmt":"2024-02-29T04:17:51","slug":"entrega-la-seph-libros-de-biblioteca-sep-centenaria","status":"publish","type":"post","link":"https:\/\/plazajuarez.mx\/historico\/entrega-la-seph-libros-de-biblioteca-sep-centenaria\/","title":{"rendered":"Entrega la SEPH libros de \u201cBiblioteca SEP Centenaria\u201d"},"content":{"rendered":"\n<p>La Secretar\u00eda de Educaci\u00f3n P\u00fablica de Hidalgo (SEPH) distribuir\u00e1 m\u00e1s de 5 mil paquetes de libros del programa federal \u201cBiblioteca SEP Centenaria\u201d, destinados para escuelas de educaci\u00f3n b\u00e1sica en la entidad.&nbsp;<\/p>\n\n\n\n<p>Las publicaciones dirigidas a docentes, incorporan elementos editoriales acordes a la diversidad de las y los maestros, el contexto en el que viven, sus trayectorias formativas, y su compromiso para hacer efectivo el derecho humano a la educaci\u00f3n.&nbsp;<\/p>\n\n\n\n<p>Estas acciones que corresponden a la Estrategia Nacional de Lectura permitir\u00e1n la actualizaci\u00f3n del magisterio en educaci\u00f3n b\u00e1sica, con el fin de coadyuvar en un ejercicio did\u00e1ctico de acercamiento epistemol\u00f3gico de los conocimientos y saberes.<\/p>\n\n\n\n<p>Natividad Castrej\u00f3n Valdez, titular de la SEPH, indic\u00f3 que para lograr implementar el proyecto educativo de car\u00e1cter integral y humanista que contempla la Nueva Escuela Mexicana (NEM), es imprescindible que las y los docentes est\u00e9n preparados, de tal forma que impulsen los cambios profundos que se pretenden llevar a cabo en los procesos de ense\u00f1anza-aprendizaje.&nbsp;<\/p>\n","protected":false},"excerpt":{"rendered":"<p>La Secretar\u00eda de Educaci\u00f3n P\u00fablica de Hidalgo (SEPH) distribuir\u00e1 m\u00e1s de 5 mil paquetes de libros del programa federal \u201cBiblioteca SEP Centenaria\u201d, destinados para escuelas de educaci\u00f3n b\u00e1sica en la entidad.&nbsp; Las publicaciones dirigidas a docentes, incorporan elementos editoriales acordes a la diversidad de las y los maestros, el contexto en el que viven, sus [&hellip;]<\/p>\n","protected":false},"author":93,"featured_media":299904,"comment_status":"closed","ping_status":"closed","sticky":false,"template":"","format":"standard","meta":{"footnotes":""},"categories":[15,59],"tags":[],"class_list":["post-299903","post","type-post","status-publish","format-standard","has-post-thumbnail","hentry","category-destacadas","category-general"],"_links":{"self":[{"href":"https:\/\/plazajuarez.mx\/historico\/wp-json\/wp\/v2\/posts\/299903","targetHints":{"allow":["GET"]}}],"collection":[{"href":"https:\/\/plazajuarez.mx\/historico\/wp-json\/wp\/v2\/posts"}],"about":[{"href":"https:\/\/plazajuarez.mx\/historico\/wp-json\/wp\/v2\/types\/post"}],"author":[{"embeddable":true,"href":"https:\/\/plazajuarez.mx\/historico\/wp-json\/wp\/v2\/users\/93"}],"replies":[{"embeddable":true,"href":"https:\/\/plazajuarez.mx\/historico\/wp-json\/wp\/v2\/comments?post=299903"}],"version-history":[{"count":0,"href":"https:\/\/plazajuarez.mx\/historico\/wp-json\/wp\/v2\/posts\/299903\/revisions"}],"wp:featuredmedia":[{"embeddable":true,"href":"https:\/\/plazajuarez.mx\/historico\/wp-json\/wp\/v2\/media\/299904"}],"wp:attachment":[{"href":"https:\/\/plazajuarez.mx\/historico\/wp-json\/wp\/v2\/media?parent=299903"}],"wp:term":[{"taxonomy":"category","embeddable":true,"href":"https:\/\/plazajuarez.mx\/historico\/wp-json\/wp\/v2\/categories?post=299903"},{"taxonomy":"post_tag","embeddable":true,"href":"https:\/\/plazajuarez.mx\/historico\/wp-json\/wp\/v2\/tags?post=299903"}],"curies":[{"name":"wp","href":"https:\/\/api.w.org\/{rel}","templated":true}]}}