{"id":299897,"date":"2024-02-29T04:00:00","date_gmt":"2024-02-29T10:00:00","guid":{"rendered":"https:\/\/plazajuarez.mx\/?p=299897"},"modified":"2024-02-28T22:12:05","modified_gmt":"2024-02-29T04:12:05","slug":"capturan-a-implicada-en-desaparicion-de-un-infante-de-tres-dias-de-nacido","status":"publish","type":"post","link":"https:\/\/plazajuarez.mx\/historico\/capturan-a-implicada-en-desaparicion-de-un-infante-de-tres-dias-de-nacido\/","title":{"rendered":"Capturan a implicada en desaparici\u00f3n de un infante de tres d\u00edas de nacido"},"content":{"rendered":"\n<p>La mujer habr\u00eda sustra\u00eddo a un menor de 3 d\u00edas de nacido, venturosamente fue localizado con vida en Valle de Chalco, el 27 de enero pasado.<\/p>\n\n\n\n<p>Derivado de una acci\u00f3n operativa conjunta, elementos de la Procuradur\u00eda General de Justicia del Estado de Hidalgo (PGJ Hidalgo), de la Coordinaci\u00f3n Nacional Antisecuestro (CONASE) y de la Fiscal\u00eda General de Justicia del Estado de M\u00e9xico (FGJEM) detuvieron en territorio mexiquense a Nelly Jacqueline \u201cN\u201d y\/o Nelly Janel \u201cN\u201d, investigada por el delito de desaparici\u00f3n de personas cometida por particulares, presuntamente cometido en agravio de un menor de edad, quien fue localizado con vida en el municipio de Valle de Chalco, el pasado 27 de enero.&nbsp;<\/p>\n\n\n\n<p>Indagatorias de la PGJ Hidalgo en coordinaci\u00f3n con la CONASE y la Unidad Especializada de Combate al Secuestro (UECS) de la FGJEM permitieron determinar que esta mujer se encontraba en el Estado de M\u00e9xico, por ello la tarde llevaron a cabo acciones operativas en el municipio de Chalco, lo cual dio como resultado la captura de esta posible implicada. Para la realizaci\u00f3n de esta movilizaci\u00f3n participaron elementos de la Polic\u00eda de Investigaci\u00f3n (PDI), a bordo de cuatro veh\u00edculos oficiales.&nbsp;<\/p>\n\n\n\n<p>Tras ser capturada en cumplimiento de orden de aprehensi\u00f3n girada en su contra por este hecho delictivo, fue trasladada al Centro de Justicia de la Fiscal\u00eda mexiquense, para ser certificada y posteriormente ser trasladada al estado de Hidalgo por elementos de la Procuradur\u00eda General de esa entidad.&nbsp;<\/p>\n\n\n\n<p>La posible implicada es investigada por hechos registrados el 25 de enero de 2024, cuando presumiblemente sustrajo a un menor de 3 d\u00edas de nacido, en Pachuca, estado de Hidalgo, v\u00edctima que fue trasladada al Estado de M\u00e9xico.&nbsp;<\/p>\n\n\n\n<p>En seguimiento a la investigaci\u00f3n, la Procuradur\u00eda hidalguense solicit\u00f3 la colaboraci\u00f3n de la Fiscal\u00eda mexiquense para la efectiva localizaci\u00f3n de la v\u00edctima, por ello el 27 de enero pasado el ni\u00f1o fue localizado abandonado en una calle del municipio de Valle de Chalco.&nbsp;<\/p>\n\n\n\n<p>Finalmente se destaca que a la persona detenida se le debe considerar inocente hasta que sea dictada una sentencia condenatoria en su contra.<\/p>\n","protected":false},"excerpt":{"rendered":"<p>La mujer habr\u00eda sustra\u00eddo a un menor de 3 d\u00edas de nacido, venturosamente fue localizado con vida en Valle de Chalco, el 27 de enero pasado. Derivado de una acci\u00f3n operativa conjunta, elementos de la Procuradur\u00eda General de Justicia del Estado de Hidalgo (PGJ Hidalgo), de la Coordinaci\u00f3n Nacional Antisecuestro (CONASE) y de la Fiscal\u00eda [&hellip;]<\/p>\n","protected":false},"author":93,"featured_media":299894,"comment_status":"closed","ping_status":"closed","sticky":false,"template":"","format":"standard","meta":{"footnotes":""},"categories":[37],"tags":[],"class_list":["post-299897","post","type-post","status-publish","format-standard","has-post-thumbnail","hentry","category-barandilla"],"_links":{"self":[{"href":"https:\/\/plazajuarez.mx\/historico\/wp-json\/wp\/v2\/posts\/299897","targetHints":{"allow":["GET"]}}],"collection":[{"href":"https:\/\/plazajuarez.mx\/historico\/wp-json\/wp\/v2\/posts"}],"about":[{"href":"https:\/\/plazajuarez.mx\/historico\/wp-json\/wp\/v2\/types\/post"}],"author":[{"embeddable":true,"href":"https:\/\/plazajuarez.mx\/historico\/wp-json\/wp\/v2\/users\/93"}],"replies":[{"embeddable":true,"href":"https:\/\/plazajuarez.mx\/historico\/wp-json\/wp\/v2\/comments?post=299897"}],"version-history":[{"count":0,"href":"https:\/\/plazajuarez.mx\/historico\/wp-json\/wp\/v2\/posts\/299897\/revisions"}],"wp:featuredmedia":[{"embeddable":true,"href":"https:\/\/plazajuarez.mx\/historico\/wp-json\/wp\/v2\/media\/299894"}],"wp:attachment":[{"href":"https:\/\/plazajuarez.mx\/historico\/wp-json\/wp\/v2\/media?parent=299897"}],"wp:term":[{"taxonomy":"category","embeddable":true,"href":"https:\/\/plazajuarez.mx\/historico\/wp-json\/wp\/v2\/categories?post=299897"},{"taxonomy":"post_tag","embeddable":true,"href":"https:\/\/plazajuarez.mx\/historico\/wp-json\/wp\/v2\/tags?post=299897"}],"curies":[{"name":"wp","href":"https:\/\/api.w.org\/{rel}","templated":true}]}}